{"id":9383,"date":"2021-08-30T00:01:00","date_gmt":"2021-08-30T00:01:00","guid":{"rendered":"http:\/\/ecclesiae.de\/blog\/?p=9383"},"modified":"2021-07-05T12:29:35","modified_gmt":"2021-07-05T12:29:35","slug":"30-august-worte-vom-hl-papst-johannes-paul-ii","status":"publish","type":"post","link":"https:\/\/ecclesiae.de\/blog\/?p=9383","title":{"rendered":"30. August  &#8211; Worte vom hl. Papst Johannes Paul II."},"content":{"rendered":"\n<div class=\"wp-block-media-text alignwide is-stacked-on-mobile\"><figure class=\"wp-block-media-text__media\"><img loading=\"lazy\" decoding=\"async\" width=\"498\" height=\"1024\" src=\"https:\/\/ecclesiae.de\/blog\/wp-content\/uploads\/2019\/05\/20190505_131458-e1558757204201-498x1024.jpg\" alt=\"\" class=\"wp-image-7380 size-full\" srcset=\"https:\/\/ecclesiae.de\/blog\/wp-content\/uploads\/2019\/05\/20190505_131458-e1558757204201-498x1024.jpg 498w, https:\/\/ecclesiae.de\/blog\/wp-content\/uploads\/2019\/05\/20190505_131458-e1558757204201-146x300.jpg 146w, https:\/\/ecclesiae.de\/blog\/wp-content\/uploads\/2019\/05\/20190505_131458-e1558757204201-768x1580.jpg 768w, https:\/\/ecclesiae.de\/blog\/wp-content\/uploads\/2019\/05\/20190505_131458-e1558757204201.jpg 1960w\" sizes=\"auto, (max-width: 498px) 100vw, 498px\" \/><\/figure><div class=\"wp-block-media-text__content\">\n<p class=\"has-text-align-center\">Fortsetzung \u2026<\/p>\n\n\n\n<p class=\"has-text-align-center\">Auch wenn unser t\u00e4gliches Leben das Grau des Alltags kennt, wissen wir, dass wir w\u00e4hlen m\u00fcssen: zwischen Wei\u00df und Schwarz, zwischen Hell und Dunkel, zwischen Gut und B\u00f6se.&nbsp;<\/p>\n\n\n\n<p class=\"has-text-align-center\">Diese Alternative stellt uns der Psalm vor Augen, den wir vorher geh\u00f6rt haben. Zun\u00e4chst zeichnet er das Bild des S\u00fcnders, der entschlossen ist zum B\u00f6sen und keine Furcht vor Gott kennt (vgl. v. 2).&nbsp;<\/p>\n\n\n\n<p class=\"has-text-align-center\">Fortsetzung folgt \u2026<\/p>\n\n\n\n<p class=\"has-text-align-center\">Q.: Papst Johannes-Paul II. am 22.08.2001<\/p>\n<\/div><\/div>\n","protected":false},"excerpt":{"rendered":"<p>Fortsetzung \u2026 Auch wenn unser t\u00e4gliches Leben das Grau des Alltags kennt, wissen wir, dass wir w\u00e4hlen m\u00fcssen: zwischen Wei\u00df und Schwarz, zwischen Hell und Dunkel, zwischen Gut und B\u00f6se.&nbsp; Diese Alternative stellt uns der Psalm vor Augen, den wir &hellip; <a href=\"https:\/\/ecclesiae.de\/blog\/?p=9383\">Weiterlesen <span class=\"meta-nav\">&rarr;<\/span><\/a><\/p>\n","protected":false},"author":3,"featured_media":0,"comment_status":"open","ping_status":"closed","sticky":false,"template":"","format":"standard","meta":{"footnotes":""},"categories":[1],"tags":[],"class_list":["post-9383","post","type-post","status-publish","format-standard","hentry","category-uncategorized"],"_links":{"self":[{"href":"https:\/\/ecclesiae.de\/blog\/index.php?rest_route=\/wp\/v2\/posts\/9383","targetHints":{"allow":["GET"]}}],"collection":[{"href":"https:\/\/ecclesiae.de\/blog\/index.php?rest_route=\/wp\/v2\/posts"}],"about":[{"href":"https:\/\/ecclesiae.de\/blog\/index.php?rest_route=\/wp\/v2\/types\/post"}],"author":[{"embeddable":true,"href":"https:\/\/ecclesiae.de\/blog\/index.php?rest_route=\/wp\/v2\/users\/3"}],"replies":[{"embeddable":true,"href":"https:\/\/ecclesiae.de\/blog\/index.php?rest_route=%2Fwp%2Fv2%2Fcomments&post=9383"}],"version-history":[{"count":1,"href":"https:\/\/ecclesiae.de\/blog\/index.php?rest_route=\/wp\/v2\/posts\/9383\/revisions"}],"predecessor-version":[{"id":9384,"href":"https:\/\/ecclesiae.de\/blog\/index.php?rest_route=\/wp\/v2\/posts\/9383\/revisions\/9384"}],"wp:attachment":[{"href":"https:\/\/ecclesiae.de\/blog\/index.php?rest_route=%2Fwp%2Fv2%2Fmedia&parent=9383"}],"wp:term":[{"taxonomy":"category","embeddable":true,"href":"https:\/\/ecclesiae.de\/blog\/index.php?rest_route=%2Fwp%2Fv2%2Fcategories&post=9383"},{"taxonomy":"post_tag","embeddable":true,"href":"https:\/\/ecclesiae.de\/blog\/index.php?rest_route=%2Fwp%2Fv2%2Ftags&post=9383"}],"curies":[{"name":"wp","href":"https:\/\/api.w.org\/{rel}","templated":true}]}}