{"id":9407,"date":"2021-09-07T00:01:00","date_gmt":"2021-09-07T00:01:00","guid":{"rendered":"http:\/\/ecclesiae.de\/blog\/?p=9407"},"modified":"2021-07-30T06:46:30","modified_gmt":"2021-07-30T06:46:30","slug":"07-september-worte-vom-hl-papst-johannes-paul-ii","status":"publish","type":"post","link":"https:\/\/ecclesiae.de\/blog\/?p=9407","title":{"rendered":"07. September  &#8211; Worte vom hl. Papst Johannes Paul II."},"content":{"rendered":"\n<div class=\"wp-block-media-text alignwide is-stacked-on-mobile\"><figure class=\"wp-block-media-text__media\"><img loading=\"lazy\" decoding=\"async\" width=\"768\" height=\"1024\" src=\"https:\/\/ecclesiae.de\/blog\/wp-content\/uploads\/2021\/05\/IMG-20210430-WA0026-768x1024.jpg\" alt=\"\" class=\"wp-image-9242 size-full\" srcset=\"https:\/\/ecclesiae.de\/blog\/wp-content\/uploads\/2021\/05\/IMG-20210430-WA0026-768x1024.jpg 768w, https:\/\/ecclesiae.de\/blog\/wp-content\/uploads\/2021\/05\/IMG-20210430-WA0026-225x300.jpg 225w, https:\/\/ecclesiae.de\/blog\/wp-content\/uploads\/2021\/05\/IMG-20210430-WA0026-1152x1536.jpg 1152w, https:\/\/ecclesiae.de\/blog\/wp-content\/uploads\/2021\/05\/IMG-20210430-WA0026.jpg 1200w\" sizes=\"auto, (max-width: 768px) 100vw, 768px\" \/><\/figure><div class=\"wp-block-media-text__content\">\n<p class=\"has-text-align-center has-normal-font-size\">Fortsetzung<br>Der Heilige Geist ist der Spender des Lebens. Diese Wahrheit ist dem auserw\u00e4hlten Volk im Laufe der Geschichte immer deutlicher bewusst geworden. Was in der Sch\u00f6pfung angedeutet ist, \u00fcbersteigt schlie\u00dflich die irdische Existenz: Es ist das ewige Leben, die Gemeinschaft mit Gott, die der Heilige Geist schenkt.<\/p>\n\n\n\n<p class=\"has-text-align-center\">Fortsetzung folgt \u2026<br>(Papst Johannes-Paul II. am 28. Oktober 1998)<\/p>\n<\/div><\/div>\n","protected":false},"excerpt":{"rendered":"<p>FortsetzungDer Heilige Geist ist der Spender des Lebens. Diese Wahrheit ist dem auserw\u00e4hlten Volk im Laufe der Geschichte immer deutlicher bewusst geworden. Was in der Sch\u00f6pfung angedeutet ist, \u00fcbersteigt schlie\u00dflich die irdische Existenz: Es ist das ewige Leben, die Gemeinschaft &hellip; <a href=\"https:\/\/ecclesiae.de\/blog\/?p=9407\">Weiterlesen <span class=\"meta-nav\">&rarr;<\/span><\/a><\/p>\n","protected":false},"author":3,"featured_media":0,"comment_status":"open","ping_status":"closed","sticky":false,"template":"","format":"standard","meta":{"footnotes":""},"categories":[1],"tags":[],"class_list":["post-9407","post","type-post","status-publish","format-standard","hentry","category-uncategorized"],"_links":{"self":[{"href":"https:\/\/ecclesiae.de\/blog\/index.php?rest_route=\/wp\/v2\/posts\/9407","targetHints":{"allow":["GET"]}}],"collection":[{"href":"https:\/\/ecclesiae.de\/blog\/index.php?rest_route=\/wp\/v2\/posts"}],"about":[{"href":"https:\/\/ecclesiae.de\/blog\/index.php?rest_route=\/wp\/v2\/types\/post"}],"author":[{"embeddable":true,"href":"https:\/\/ecclesiae.de\/blog\/index.php?rest_route=\/wp\/v2\/users\/3"}],"replies":[{"embeddable":true,"href":"https:\/\/ecclesiae.de\/blog\/index.php?rest_route=%2Fwp%2Fv2%2Fcomments&post=9407"}],"version-history":[{"count":1,"href":"https:\/\/ecclesiae.de\/blog\/index.php?rest_route=\/wp\/v2\/posts\/9407\/revisions"}],"predecessor-version":[{"id":9408,"href":"https:\/\/ecclesiae.de\/blog\/index.php?rest_route=\/wp\/v2\/posts\/9407\/revisions\/9408"}],"wp:attachment":[{"href":"https:\/\/ecclesiae.de\/blog\/index.php?rest_route=%2Fwp%2Fv2%2Fmedia&parent=9407"}],"wp:term":[{"taxonomy":"category","embeddable":true,"href":"https:\/\/ecclesiae.de\/blog\/index.php?rest_route=%2Fwp%2Fv2%2Fcategories&post=9407"},{"taxonomy":"post_tag","embeddable":true,"href":"https:\/\/ecclesiae.de\/blog\/index.php?rest_route=%2Fwp%2Fv2%2Ftags&post=9407"}],"curies":[{"name":"wp","href":"https:\/\/api.w.org\/{rel}","templated":true}]}}