{"id":9419,"date":"2021-09-12T00:01:00","date_gmt":"2021-09-12T00:01:00","guid":{"rendered":"http:\/\/ecclesiae.de\/blog\/?p=9419"},"modified":"2021-08-05T06:38:09","modified_gmt":"2021-08-05T06:38:09","slug":"12-september-worte-vom-hl-papst-johannes-paul-ii","status":"publish","type":"post","link":"https:\/\/ecclesiae.de\/blog\/?p=9419","title":{"rendered":"12. September  &#8211; Worte vom hl. Papst Johannes Paul II."},"content":{"rendered":"\n<div class=\"wp-block-media-text alignwide is-stacked-on-mobile\"><figure class=\"wp-block-media-text__media\"><img loading=\"lazy\" decoding=\"async\" width=\"683\" height=\"1024\" src=\"https:\/\/ecclesiae.de\/blog\/wp-content\/uploads\/2016\/09\/12-KindMaria-683x1024.jpg\" alt=\"\" class=\"wp-image-4887 size-full\" srcset=\"https:\/\/ecclesiae.de\/blog\/wp-content\/uploads\/2016\/09\/12-KindMaria-683x1024.jpg 683w, https:\/\/ecclesiae.de\/blog\/wp-content\/uploads\/2016\/09\/12-KindMaria-200x300.jpg 200w, https:\/\/ecclesiae.de\/blog\/wp-content\/uploads\/2016\/09\/12-KindMaria-768x1151.jpg 768w, https:\/\/ecclesiae.de\/blog\/wp-content\/uploads\/2016\/09\/12-KindMaria.jpg 800w\" sizes=\"auto, (max-width: 683px) 100vw, 683px\" \/><\/figure><div class=\"wp-block-media-text__content\">\n<p class=\"has-text-align-center\">Die Freiheit des einzelnen ist nicht zu trennen von der Freiheit der anderen, aller anderen Menschen. Wo die Menschen ihren Blick auf das je eigene Lebensfeld begrenzen und nicht mehr bereit sind, auch ohne Vorteile f\u00fcr sich selbst und f\u00fcr andere sich zu engagieren, da ist die Freiheit in Gefahr. In Solidarit\u00e4t gelebte Freiheit demgegen\u00fcber wirkt sich aus im Einsatz f\u00fcr Gerechtigkeit im politischen und sozialen Bereich und lenkt den Blick auf die Freiheit. \u2013 Es gibt keine Freiheit ohne Solidarit\u00e4t.<\/p>\n\n\n\n<p class=\"has-text-align-center\">(Papst Johannes Paul II. am 22.06.1996)<\/p>\n<\/div><\/div>\n","protected":false},"excerpt":{"rendered":"<p>Die Freiheit des einzelnen ist nicht zu trennen von der Freiheit der anderen, aller anderen Menschen. Wo die Menschen ihren Blick auf das je eigene Lebensfeld begrenzen und nicht mehr bereit sind, auch ohne Vorteile f\u00fcr sich selbst und f\u00fcr &hellip; <a href=\"https:\/\/ecclesiae.de\/blog\/?p=9419\">Weiterlesen <span class=\"meta-nav\">&rarr;<\/span><\/a><\/p>\n","protected":false},"author":3,"featured_media":0,"comment_status":"open","ping_status":"closed","sticky":false,"template":"","format":"standard","meta":{"footnotes":""},"categories":[1],"tags":[],"class_list":["post-9419","post","type-post","status-publish","format-standard","hentry","category-uncategorized"],"_links":{"self":[{"href":"https:\/\/ecclesiae.de\/blog\/index.php?rest_route=\/wp\/v2\/posts\/9419","targetHints":{"allow":["GET"]}}],"collection":[{"href":"https:\/\/ecclesiae.de\/blog\/index.php?rest_route=\/wp\/v2\/posts"}],"about":[{"href":"https:\/\/ecclesiae.de\/blog\/index.php?rest_route=\/wp\/v2\/types\/post"}],"author":[{"embeddable":true,"href":"https:\/\/ecclesiae.de\/blog\/index.php?rest_route=\/wp\/v2\/users\/3"}],"replies":[{"embeddable":true,"href":"https:\/\/ecclesiae.de\/blog\/index.php?rest_route=%2Fwp%2Fv2%2Fcomments&post=9419"}],"version-history":[{"count":1,"href":"https:\/\/ecclesiae.de\/blog\/index.php?rest_route=\/wp\/v2\/posts\/9419\/revisions"}],"predecessor-version":[{"id":9420,"href":"https:\/\/ecclesiae.de\/blog\/index.php?rest_route=\/wp\/v2\/posts\/9419\/revisions\/9420"}],"wp:attachment":[{"href":"https:\/\/ecclesiae.de\/blog\/index.php?rest_route=%2Fwp%2Fv2%2Fmedia&parent=9419"}],"wp:term":[{"taxonomy":"category","embeddable":true,"href":"https:\/\/ecclesiae.de\/blog\/index.php?rest_route=%2Fwp%2Fv2%2Fcategories&post=9419"},{"taxonomy":"post_tag","embeddable":true,"href":"https:\/\/ecclesiae.de\/blog\/index.php?rest_route=%2Fwp%2Fv2%2Ftags&post=9419"}],"curies":[{"name":"wp","href":"https:\/\/api.w.org\/{rel}","templated":true}]}}