{"id":9421,"date":"2021-09-13T00:01:00","date_gmt":"2021-09-13T00:01:00","guid":{"rendered":"http:\/\/ecclesiae.de\/blog\/?p=9421"},"modified":"2021-08-05T06:39:32","modified_gmt":"2021-08-05T06:39:32","slug":"13-september-worte-vom-hl-papst-johannes-paul-ii","status":"publish","type":"post","link":"https:\/\/ecclesiae.de\/blog\/?p=9421","title":{"rendered":"13. September  &#8211; Worte vom hl. Papst Johannes Paul II."},"content":{"rendered":"\n<div class=\"wp-block-media-text alignwide is-stacked-on-mobile\"><figure class=\"wp-block-media-text__media\"><img loading=\"lazy\" decoding=\"async\" width=\"247\" height=\"362\" src=\"https:\/\/ecclesiae.de\/blog\/wp-content\/uploads\/2016\/12\/ULF_von_Fatima2-q-af-1.jpg\" alt=\"\" class=\"wp-image-5258 size-full\" srcset=\"https:\/\/ecclesiae.de\/blog\/wp-content\/uploads\/2016\/12\/ULF_von_Fatima2-q-af-1.jpg 247w, https:\/\/ecclesiae.de\/blog\/wp-content\/uploads\/2016\/12\/ULF_von_Fatima2-q-af-1-205x300.jpg 205w\" sizes=\"auto, (max-width: 247px) 100vw, 247px\" \/><\/figure><div class=\"wp-block-media-text__content\">\n<p class=\"has-text-align-center\">Im Evangelium in dem Jesus uns auftr\u00e4gt, einander so zu lieben, wie er uns liebt, sagt er auch: \u201eDies habe ich euch gesagt, damit meine Freude in euch ist und damit eure Freude vollkommen wird.\u201c (Joh 15,11). Wir m\u00fcssen begreifen, dass wir, um so zu lieben, wie Jesus liebt, uns selbst den anderen hingeben m\u00fcssen. Und nur in unserer Selbsthingabe durch Liebe, Dienst und Mitleid k\u00f6nnen wir wirkliche Freude erleben. Treue zum gebot des Herrn, einander so zu lieben, wie er uns geliebt hat, l\u00e4sst uns teilhaben an der Freude des Herrn jetzt und immer.<\/p>\n\n\n\n<p class=\"has-text-align-center\">(Papst Johannes Paul II. am 21.09.1986)<\/p>\n<\/div><\/div>\n","protected":false},"excerpt":{"rendered":"<p>Im Evangelium in dem Jesus uns auftr\u00e4gt, einander so zu lieben, wie er uns liebt, sagt er auch: \u201eDies habe ich euch gesagt, damit meine Freude in euch ist und damit eure Freude vollkommen wird.\u201c (Joh 15,11). Wir m\u00fcssen begreifen, &hellip; <a href=\"https:\/\/ecclesiae.de\/blog\/?p=9421\">Weiterlesen <span class=\"meta-nav\">&rarr;<\/span><\/a><\/p>\n","protected":false},"author":3,"featured_media":0,"comment_status":"open","ping_status":"closed","sticky":false,"template":"","format":"standard","meta":{"footnotes":""},"categories":[1],"tags":[],"class_list":["post-9421","post","type-post","status-publish","format-standard","hentry","category-uncategorized"],"_links":{"self":[{"href":"https:\/\/ecclesiae.de\/blog\/index.php?rest_route=\/wp\/v2\/posts\/9421","targetHints":{"allow":["GET"]}}],"collection":[{"href":"https:\/\/ecclesiae.de\/blog\/index.php?rest_route=\/wp\/v2\/posts"}],"about":[{"href":"https:\/\/ecclesiae.de\/blog\/index.php?rest_route=\/wp\/v2\/types\/post"}],"author":[{"embeddable":true,"href":"https:\/\/ecclesiae.de\/blog\/index.php?rest_route=\/wp\/v2\/users\/3"}],"replies":[{"embeddable":true,"href":"https:\/\/ecclesiae.de\/blog\/index.php?rest_route=%2Fwp%2Fv2%2Fcomments&post=9421"}],"version-history":[{"count":1,"href":"https:\/\/ecclesiae.de\/blog\/index.php?rest_route=\/wp\/v2\/posts\/9421\/revisions"}],"predecessor-version":[{"id":9422,"href":"https:\/\/ecclesiae.de\/blog\/index.php?rest_route=\/wp\/v2\/posts\/9421\/revisions\/9422"}],"wp:attachment":[{"href":"https:\/\/ecclesiae.de\/blog\/index.php?rest_route=%2Fwp%2Fv2%2Fmedia&parent=9421"}],"wp:term":[{"taxonomy":"category","embeddable":true,"href":"https:\/\/ecclesiae.de\/blog\/index.php?rest_route=%2Fwp%2Fv2%2Fcategories&post=9421"},{"taxonomy":"post_tag","embeddable":true,"href":"https:\/\/ecclesiae.de\/blog\/index.php?rest_route=%2Fwp%2Fv2%2Ftags&post=9421"}],"curies":[{"name":"wp","href":"https:\/\/api.w.org\/{rel}","templated":true}]}}