{"id":9423,"date":"2021-09-14T00:01:00","date_gmt":"2021-09-14T00:01:00","guid":{"rendered":"http:\/\/ecclesiae.de\/blog\/?p=9423"},"modified":"2021-08-05T06:40:36","modified_gmt":"2021-08-05T06:40:36","slug":"14-september-worte-vom-hl-papst-johannes-paul-ii","status":"publish","type":"post","link":"https:\/\/ecclesiae.de\/blog\/?p=9423","title":{"rendered":"14. September  &#8211; Worte vom hl. Papst Johannes Paul II."},"content":{"rendered":"\n<div class=\"wp-block-media-text alignwide is-stacked-on-mobile\"><figure class=\"wp-block-media-text__media\"><img loading=\"lazy\" decoding=\"async\" width=\"290\" height=\"500\" src=\"https:\/\/ecclesiae.de\/blog\/wp-content\/uploads\/2021\/07\/Engel-4.jpg\" alt=\"\" class=\"wp-image-9392 size-full\" srcset=\"https:\/\/ecclesiae.de\/blog\/wp-content\/uploads\/2021\/07\/Engel-4.jpg 290w, https:\/\/ecclesiae.de\/blog\/wp-content\/uploads\/2021\/07\/Engel-4-174x300.jpg 174w\" sizes=\"auto, (max-width: 290px) 100vw, 290px\" \/><\/figure><div class=\"wp-block-media-text__content\">\n<p class=\"has-text-align-center has-normal-font-size\">Liebst du? Es ist die Frage, die das Herz \u00f6ffnet \u2013 und die dem Leben Sinn gibt. Es ist die Frage, die \u00fcber die wahre Dimension des Menschen entscheidet. In ihr soll sich der ganze Mensch ausdr\u00fccken, in ihr soll er auch sich selbst \u00fcberschreiten. Das menschliche Leben hat Wert und Sinn in dem Ma\u00dfe, als es Antwort auch die Frage: Liebst du? Nur daraufhin ist das Leben der M\u00fche wert, gelebt zu werden.<\/p>\n\n\n\n<p class=\"has-text-align-center has-normal-font-size\">(Papst Johannes Paul II. am 30.05.1980)<\/p>\n<\/div><\/div>\n","protected":false},"excerpt":{"rendered":"<p>Liebst du? Es ist die Frage, die das Herz \u00f6ffnet \u2013 und die dem Leben Sinn gibt. Es ist die Frage, die \u00fcber die wahre Dimension des Menschen entscheidet. In ihr soll sich der ganze Mensch ausdr\u00fccken, in ihr soll &hellip; <a href=\"https:\/\/ecclesiae.de\/blog\/?p=9423\">Weiterlesen <span class=\"meta-nav\">&rarr;<\/span><\/a><\/p>\n","protected":false},"author":3,"featured_media":0,"comment_status":"open","ping_status":"closed","sticky":false,"template":"","format":"standard","meta":{"footnotes":""},"categories":[1],"tags":[],"class_list":["post-9423","post","type-post","status-publish","format-standard","hentry","category-uncategorized"],"_links":{"self":[{"href":"https:\/\/ecclesiae.de\/blog\/index.php?rest_route=\/wp\/v2\/posts\/9423","targetHints":{"allow":["GET"]}}],"collection":[{"href":"https:\/\/ecclesiae.de\/blog\/index.php?rest_route=\/wp\/v2\/posts"}],"about":[{"href":"https:\/\/ecclesiae.de\/blog\/index.php?rest_route=\/wp\/v2\/types\/post"}],"author":[{"embeddable":true,"href":"https:\/\/ecclesiae.de\/blog\/index.php?rest_route=\/wp\/v2\/users\/3"}],"replies":[{"embeddable":true,"href":"https:\/\/ecclesiae.de\/blog\/index.php?rest_route=%2Fwp%2Fv2%2Fcomments&post=9423"}],"version-history":[{"count":1,"href":"https:\/\/ecclesiae.de\/blog\/index.php?rest_route=\/wp\/v2\/posts\/9423\/revisions"}],"predecessor-version":[{"id":9424,"href":"https:\/\/ecclesiae.de\/blog\/index.php?rest_route=\/wp\/v2\/posts\/9423\/revisions\/9424"}],"wp:attachment":[{"href":"https:\/\/ecclesiae.de\/blog\/index.php?rest_route=%2Fwp%2Fv2%2Fmedia&parent=9423"}],"wp:term":[{"taxonomy":"category","embeddable":true,"href":"https:\/\/ecclesiae.de\/blog\/index.php?rest_route=%2Fwp%2Fv2%2Fcategories&post=9423"},{"taxonomy":"post_tag","embeddable":true,"href":"https:\/\/ecclesiae.de\/blog\/index.php?rest_route=%2Fwp%2Fv2%2Ftags&post=9423"}],"curies":[{"name":"wp","href":"https:\/\/api.w.org\/{rel}","templated":true}]}}