{"id":9427,"date":"2021-09-16T00:01:00","date_gmt":"2021-09-16T00:01:00","guid":{"rendered":"http:\/\/ecclesiae.de\/blog\/?p=9427"},"modified":"2021-08-05T06:44:24","modified_gmt":"2021-08-05T06:44:24","slug":"16-september-worte-vom-hl-papst-johannes-paul-ii","status":"publish","type":"post","link":"https:\/\/ecclesiae.de\/blog\/?p=9427","title":{"rendered":"16. September  &#8211; Worte vom hl. Papst Johannes Paul II."},"content":{"rendered":"\n<div class=\"wp-block-media-text alignwide is-stacked-on-mobile\"><figure class=\"wp-block-media-text__media\"><img loading=\"lazy\" decoding=\"async\" width=\"377\" height=\"775\" src=\"https:\/\/ecclesiae.de\/blog\/wp-content\/uploads\/2021\/07\/Engel-klein.jpg\" alt=\"\" class=\"wp-image-9393 size-full\" srcset=\"https:\/\/ecclesiae.de\/blog\/wp-content\/uploads\/2021\/07\/Engel-klein.jpg 377w, https:\/\/ecclesiae.de\/blog\/wp-content\/uploads\/2021\/07\/Engel-klein-146x300.jpg 146w\" sizes=\"auto, (max-width: 377px) 100vw, 377px\" \/><\/figure><div class=\"wp-block-media-text__content\">\n<p class=\"has-normal-font-size\">Das Zweite Vatikanische Konzil bezieht sich in der Dogmatischen Konstitution\u00a0<a href=\"http:\/\/www.vatican.va\/archive\/hist_councils\/ii_vatican_council\/documents\/vat-ii_const_19641121_lumen-gentium_ge.html\"><em>Lumen Gentium<\/em><\/a>\u00a0auf die Worte des Apostels Paulus im Epheserbrief und stellt fest: &#8222;W\u00e4hrend aber die Kirche in der seligsten Jungfrau schon zur Vollkommenheit gelangt ist, \u2026 bem\u00fchen sich die Christgl\u00e4ubigen noch, die S\u00fcnde zu besiegen und in der Heiligkeit zu wachsen (Nr. 65).<\/p>\n<\/div><\/div>\n\n\n\n<p class=\"has-text-align-center\">So wird der bestehende Unterschied zwischen den Gl\u00e4ubigen und Maria bekr\u00e4ftigt. Den Gl\u00e4ubigen wird die Heiligkeit durch die Taufe zuteil, Maria aber ist von Anfang an von der Erbs\u00fcnde bewahrt worden.<\/p>\n\n\n\n<p class=\"has-text-align-center\">In Maria ist der Kirche ein erhabenes Beispiel des Glaubens, der Hoffnung und der Liebe geschenkt worden.<\/p>\n\n\n\n<p class=\"has-text-align-center\">(Papst Johannes-Paul II. am 03. September 1997)<\/p>\n","protected":false},"excerpt":{"rendered":"<p>Das Zweite Vatikanische Konzil bezieht sich in der Dogmatischen Konstitution\u00a0Lumen Gentium\u00a0auf die Worte des Apostels Paulus im Epheserbrief und stellt fest: &#8222;W\u00e4hrend aber die Kirche in der seligsten Jungfrau schon zur Vollkommenheit gelangt ist, \u2026 bem\u00fchen sich die Christgl\u00e4ubigen noch, &hellip; <a href=\"https:\/\/ecclesiae.de\/blog\/?p=9427\">Weiterlesen <span class=\"meta-nav\">&rarr;<\/span><\/a><\/p>\n","protected":false},"author":3,"featured_media":0,"comment_status":"open","ping_status":"closed","sticky":false,"template":"","format":"standard","meta":{"footnotes":""},"categories":[1],"tags":[],"class_list":["post-9427","post","type-post","status-publish","format-standard","hentry","category-uncategorized"],"_links":{"self":[{"href":"https:\/\/ecclesiae.de\/blog\/index.php?rest_route=\/wp\/v2\/posts\/9427","targetHints":{"allow":["GET"]}}],"collection":[{"href":"https:\/\/ecclesiae.de\/blog\/index.php?rest_route=\/wp\/v2\/posts"}],"about":[{"href":"https:\/\/ecclesiae.de\/blog\/index.php?rest_route=\/wp\/v2\/types\/post"}],"author":[{"embeddable":true,"href":"https:\/\/ecclesiae.de\/blog\/index.php?rest_route=\/wp\/v2\/users\/3"}],"replies":[{"embeddable":true,"href":"https:\/\/ecclesiae.de\/blog\/index.php?rest_route=%2Fwp%2Fv2%2Fcomments&post=9427"}],"version-history":[{"count":1,"href":"https:\/\/ecclesiae.de\/blog\/index.php?rest_route=\/wp\/v2\/posts\/9427\/revisions"}],"predecessor-version":[{"id":9428,"href":"https:\/\/ecclesiae.de\/blog\/index.php?rest_route=\/wp\/v2\/posts\/9427\/revisions\/9428"}],"wp:attachment":[{"href":"https:\/\/ecclesiae.de\/blog\/index.php?rest_route=%2Fwp%2Fv2%2Fmedia&parent=9427"}],"wp:term":[{"taxonomy":"category","embeddable":true,"href":"https:\/\/ecclesiae.de\/blog\/index.php?rest_route=%2Fwp%2Fv2%2Fcategories&post=9427"},{"taxonomy":"post_tag","embeddable":true,"href":"https:\/\/ecclesiae.de\/blog\/index.php?rest_route=%2Fwp%2Fv2%2Ftags&post=9427"}],"curies":[{"name":"wp","href":"https:\/\/api.w.org\/{rel}","templated":true}]}}