{"id":9429,"date":"2021-09-17T00:01:00","date_gmt":"2021-09-17T00:01:00","guid":{"rendered":"http:\/\/ecclesiae.de\/blog\/?p=9429"},"modified":"2021-08-05T09:08:43","modified_gmt":"2021-08-05T09:08:43","slug":"17-september-worte-vom-hl-papst-johannes-paul-ii","status":"publish","type":"post","link":"https:\/\/ecclesiae.de\/blog\/?p=9429","title":{"rendered":"17. September  &#8211; Worte vom hl. Papst Johannes Paul II."},"content":{"rendered":"\n<div class=\"wp-block-media-text alignwide is-stacked-on-mobile\"><figure class=\"wp-block-media-text__media\"><img loading=\"lazy\" decoding=\"async\" width=\"281\" height=\"500\" src=\"https:\/\/ecclesiae.de\/blog\/wp-content\/uploads\/2021\/07\/Engel-Raphael.jpg\" alt=\"\" class=\"wp-image-9394 size-full\" srcset=\"https:\/\/ecclesiae.de\/blog\/wp-content\/uploads\/2021\/07\/Engel-Raphael.jpg 281w, https:\/\/ecclesiae.de\/blog\/wp-content\/uploads\/2021\/07\/Engel-Raphael-169x300.jpg 169w\" sizes=\"auto, (max-width: 281px) 100vw, 281px\" \/><\/figure><div class=\"wp-block-media-text__content\">\n<p class=\"has-text-align-center has-normal-font-size\">In seinem Apostolischen Schreiben&nbsp;<em>Marialis cultus<\/em>&nbsp;stellt Papst Paul VI. die Jungfrau Maria als Vorbild der Kirche bei der Feier des Gottesdienstes dar. Diejenige, die bei der Verk\u00fcndigung durch den Engel sich voll und ganz dem Heilsplan Gottes unterwirft und anvertraut, wird so f\u00fcr alle Gl\u00e4ubigen zum erlesenen Beispiel des H\u00f6rens auf das Wort Gottes und der Gef\u00fcgsamkeit diesem Wort gegen\u00fcber.<\/p>\n\n\n\n<p>Fortsetzung folgt \u2026<\/p>\n\n\n\n<p class=\"has-text-align-center has-normal-font-size\">(Papst Johannes-Paul II. am 10. September 1997)<\/p>\n<\/div><\/div>\n","protected":false},"excerpt":{"rendered":"<p>In seinem Apostolischen Schreiben&nbsp;Marialis cultus&nbsp;stellt Papst Paul VI. die Jungfrau Maria als Vorbild der Kirche bei der Feier des Gottesdienstes dar. Diejenige, die bei der Verk\u00fcndigung durch den Engel sich voll und ganz dem Heilsplan Gottes unterwirft und anvertraut, wird &hellip; <a href=\"https:\/\/ecclesiae.de\/blog\/?p=9429\">Weiterlesen <span class=\"meta-nav\">&rarr;<\/span><\/a><\/p>\n","protected":false},"author":3,"featured_media":0,"comment_status":"open","ping_status":"closed","sticky":false,"template":"","format":"standard","meta":{"footnotes":""},"categories":[1],"tags":[],"class_list":["post-9429","post","type-post","status-publish","format-standard","hentry","category-uncategorized"],"_links":{"self":[{"href":"https:\/\/ecclesiae.de\/blog\/index.php?rest_route=\/wp\/v2\/posts\/9429","targetHints":{"allow":["GET"]}}],"collection":[{"href":"https:\/\/ecclesiae.de\/blog\/index.php?rest_route=\/wp\/v2\/posts"}],"about":[{"href":"https:\/\/ecclesiae.de\/blog\/index.php?rest_route=\/wp\/v2\/types\/post"}],"author":[{"embeddable":true,"href":"https:\/\/ecclesiae.de\/blog\/index.php?rest_route=\/wp\/v2\/users\/3"}],"replies":[{"embeddable":true,"href":"https:\/\/ecclesiae.de\/blog\/index.php?rest_route=%2Fwp%2Fv2%2Fcomments&post=9429"}],"version-history":[{"count":1,"href":"https:\/\/ecclesiae.de\/blog\/index.php?rest_route=\/wp\/v2\/posts\/9429\/revisions"}],"predecessor-version":[{"id":9430,"href":"https:\/\/ecclesiae.de\/blog\/index.php?rest_route=\/wp\/v2\/posts\/9429\/revisions\/9430"}],"wp:attachment":[{"href":"https:\/\/ecclesiae.de\/blog\/index.php?rest_route=%2Fwp%2Fv2%2Fmedia&parent=9429"}],"wp:term":[{"taxonomy":"category","embeddable":true,"href":"https:\/\/ecclesiae.de\/blog\/index.php?rest_route=%2Fwp%2Fv2%2Fcategories&post=9429"},{"taxonomy":"post_tag","embeddable":true,"href":"https:\/\/ecclesiae.de\/blog\/index.php?rest_route=%2Fwp%2Fv2%2Ftags&post=9429"}],"curies":[{"name":"wp","href":"https:\/\/api.w.org\/{rel}","templated":true}]}}