{"id":9435,"date":"2021-09-20T00:01:00","date_gmt":"2021-09-20T00:01:00","guid":{"rendered":"http:\/\/ecclesiae.de\/blog\/?p=9435"},"modified":"2021-08-05T09:12:18","modified_gmt":"2021-08-05T09:12:18","slug":"20-september-worte-vom-hl-papst-johannes-paul-ii","status":"publish","type":"post","link":"https:\/\/ecclesiae.de\/blog\/?p=9435","title":{"rendered":"20. September  &#8211; Worte vom hl. Papst Johannes Paul II."},"content":{"rendered":"\n<div class=\"wp-block-media-text alignwide is-stacked-on-mobile\"><figure class=\"wp-block-media-text__media\"><img loading=\"lazy\" decoding=\"async\" width=\"394\" height=\"540\" src=\"https:\/\/ecclesiae.de\/blog\/wp-content\/uploads\/2021\/03\/71096570-fce1-45e5-bf15-be3d6badc87c-4.jpg\" alt=\"\" class=\"wp-image-9073 size-full\" srcset=\"https:\/\/ecclesiae.de\/blog\/wp-content\/uploads\/2021\/03\/71096570-fce1-45e5-bf15-be3d6badc87c-4.jpg 394w, https:\/\/ecclesiae.de\/blog\/wp-content\/uploads\/2021\/03\/71096570-fce1-45e5-bf15-be3d6badc87c-4-219x300.jpg 219w\" sizes=\"auto, (max-width: 394px) 100vw, 394px\" \/><\/figure><div class=\"wp-block-media-text__content\">\n<p class=\"has-text-align-center\">Fortsetzung<\/p>\n\n\n\n<p class=\"has-text-align-center\">Gerade in j\u00fcngster Zeit wird Maria sowohl vom Lehramt als auch von der Volksfr\u00f6mmigkeit gern &#8222;Mutter der Kirche&#8220; genannt. Doch steht hinter dieser Bezeichnung eine alte ehrw\u00fcrdige Tradition. Die Christen sehen in Maria nicht nur die Mutter Jesu, sondern auch die Mutter aller Gl\u00e4ubigen. Diejenige, die als Mutter des Heils, Mutter des Lebens und der Gnaden, als Mutter der Erl\u00f6sten und der Lebenden verehrt wird, kann mit gutem Recht &#8222;Mutter der Kirche&#8220; genannt werden.<\/p>\n\n\n\n<p class=\"has-text-align-center\">(Papst Johannes-Paul II. am 17. September 1997)<\/p>\n<\/div><\/div>\n","protected":false},"excerpt":{"rendered":"<p>Fortsetzung Gerade in j\u00fcngster Zeit wird Maria sowohl vom Lehramt als auch von der Volksfr\u00f6mmigkeit gern &#8222;Mutter der Kirche&#8220; genannt. Doch steht hinter dieser Bezeichnung eine alte ehrw\u00fcrdige Tradition. Die Christen sehen in Maria nicht nur die Mutter Jesu, sondern &hellip; <a href=\"https:\/\/ecclesiae.de\/blog\/?p=9435\">Weiterlesen <span class=\"meta-nav\">&rarr;<\/span><\/a><\/p>\n","protected":false},"author":3,"featured_media":0,"comment_status":"open","ping_status":"closed","sticky":false,"template":"","format":"standard","meta":{"footnotes":""},"categories":[1],"tags":[],"class_list":["post-9435","post","type-post","status-publish","format-standard","hentry","category-uncategorized"],"_links":{"self":[{"href":"https:\/\/ecclesiae.de\/blog\/index.php?rest_route=\/wp\/v2\/posts\/9435","targetHints":{"allow":["GET"]}}],"collection":[{"href":"https:\/\/ecclesiae.de\/blog\/index.php?rest_route=\/wp\/v2\/posts"}],"about":[{"href":"https:\/\/ecclesiae.de\/blog\/index.php?rest_route=\/wp\/v2\/types\/post"}],"author":[{"embeddable":true,"href":"https:\/\/ecclesiae.de\/blog\/index.php?rest_route=\/wp\/v2\/users\/3"}],"replies":[{"embeddable":true,"href":"https:\/\/ecclesiae.de\/blog\/index.php?rest_route=%2Fwp%2Fv2%2Fcomments&post=9435"}],"version-history":[{"count":1,"href":"https:\/\/ecclesiae.de\/blog\/index.php?rest_route=\/wp\/v2\/posts\/9435\/revisions"}],"predecessor-version":[{"id":9436,"href":"https:\/\/ecclesiae.de\/blog\/index.php?rest_route=\/wp\/v2\/posts\/9435\/revisions\/9436"}],"wp:attachment":[{"href":"https:\/\/ecclesiae.de\/blog\/index.php?rest_route=%2Fwp%2Fv2%2Fmedia&parent=9435"}],"wp:term":[{"taxonomy":"category","embeddable":true,"href":"https:\/\/ecclesiae.de\/blog\/index.php?rest_route=%2Fwp%2Fv2%2Fcategories&post=9435"},{"taxonomy":"post_tag","embeddable":true,"href":"https:\/\/ecclesiae.de\/blog\/index.php?rest_route=%2Fwp%2Fv2%2Ftags&post=9435"}],"curies":[{"name":"wp","href":"https:\/\/api.w.org\/{rel}","templated":true}]}}