{"id":9439,"date":"2021-09-22T00:01:00","date_gmt":"2021-09-22T00:01:00","guid":{"rendered":"http:\/\/ecclesiae.de\/blog\/?p=9439"},"modified":"2021-08-05T09:14:18","modified_gmt":"2021-08-05T09:14:18","slug":"22-september-worte-vom-hl-papst-johannes-paul-ii","status":"publish","type":"post","link":"https:\/\/ecclesiae.de\/blog\/?p=9439","title":{"rendered":"22. September  &#8211; Worte vom hl. Papst Johannes Paul II."},"content":{"rendered":"\n<div class=\"wp-block-media-text alignwide is-stacked-on-mobile\"><figure class=\"wp-block-media-text__media\"><img loading=\"lazy\" decoding=\"async\" width=\"333\" height=\"400\" src=\"https:\/\/ecclesiae.de\/blog\/wp-content\/uploads\/2021\/07\/Engel-1.jpg\" alt=\"\" class=\"wp-image-9389 size-full\" srcset=\"https:\/\/ecclesiae.de\/blog\/wp-content\/uploads\/2021\/07\/Engel-1.jpg 333w, https:\/\/ecclesiae.de\/blog\/wp-content\/uploads\/2021\/07\/Engel-1-250x300.jpg 250w\" sizes=\"auto, (max-width: 333px) 100vw, 333px\" \/><\/figure><div class=\"wp-block-media-text__content\">\n<p class=\"has-text-align-center\">Fortsetzung<\/p>\n\n\n\n<p class=\"has-text-align-center\">W\u00e4hrend ihres irdischen Daseins hat Maria ihre geistliche Mutterschaft gegen\u00fcber der Kirche nur f\u00fcr kurze Zeit ausge\u00fcbt. Doch ist diese ihre Berufung gerade nach ihrer Himmelfahrt voll und ganz zur Geltung gekommen, indem sie unaufh\u00f6rlich fortdauert und sie durch ihre vielf\u00e4ltige F\u00fcrbitte fortf\u00e4hrt, uns die Gaben des ewigen Heiles zu erwirken (vgl.&nbsp;<em>LG<\/em>&nbsp;62).<\/p>\n\n\n\n<p class=\"has-text-align-center\">(Papst Johannes-Paul II. am 24. September 1997)<\/p>\n<\/div><\/div>\n","protected":false},"excerpt":{"rendered":"<p>Fortsetzung W\u00e4hrend ihres irdischen Daseins hat Maria ihre geistliche Mutterschaft gegen\u00fcber der Kirche nur f\u00fcr kurze Zeit ausge\u00fcbt. Doch ist diese ihre Berufung gerade nach ihrer Himmelfahrt voll und ganz zur Geltung gekommen, indem sie unaufh\u00f6rlich fortdauert und sie durch &hellip; <a href=\"https:\/\/ecclesiae.de\/blog\/?p=9439\">Weiterlesen <span class=\"meta-nav\">&rarr;<\/span><\/a><\/p>\n","protected":false},"author":3,"featured_media":0,"comment_status":"open","ping_status":"closed","sticky":false,"template":"","format":"standard","meta":{"footnotes":""},"categories":[1],"tags":[],"class_list":["post-9439","post","type-post","status-publish","format-standard","hentry","category-uncategorized"],"_links":{"self":[{"href":"https:\/\/ecclesiae.de\/blog\/index.php?rest_route=\/wp\/v2\/posts\/9439","targetHints":{"allow":["GET"]}}],"collection":[{"href":"https:\/\/ecclesiae.de\/blog\/index.php?rest_route=\/wp\/v2\/posts"}],"about":[{"href":"https:\/\/ecclesiae.de\/blog\/index.php?rest_route=\/wp\/v2\/types\/post"}],"author":[{"embeddable":true,"href":"https:\/\/ecclesiae.de\/blog\/index.php?rest_route=\/wp\/v2\/users\/3"}],"replies":[{"embeddable":true,"href":"https:\/\/ecclesiae.de\/blog\/index.php?rest_route=%2Fwp%2Fv2%2Fcomments&post=9439"}],"version-history":[{"count":1,"href":"https:\/\/ecclesiae.de\/blog\/index.php?rest_route=\/wp\/v2\/posts\/9439\/revisions"}],"predecessor-version":[{"id":9440,"href":"https:\/\/ecclesiae.de\/blog\/index.php?rest_route=\/wp\/v2\/posts\/9439\/revisions\/9440"}],"wp:attachment":[{"href":"https:\/\/ecclesiae.de\/blog\/index.php?rest_route=%2Fwp%2Fv2%2Fmedia&parent=9439"}],"wp:term":[{"taxonomy":"category","embeddable":true,"href":"https:\/\/ecclesiae.de\/blog\/index.php?rest_route=%2Fwp%2Fv2%2Fcategories&post=9439"},{"taxonomy":"post_tag","embeddable":true,"href":"https:\/\/ecclesiae.de\/blog\/index.php?rest_route=%2Fwp%2Fv2%2Ftags&post=9439"}],"curies":[{"name":"wp","href":"https:\/\/api.w.org\/{rel}","templated":true}]}}