{"id":9441,"date":"2021-09-23T00:01:00","date_gmt":"2021-09-23T00:01:00","guid":{"rendered":"http:\/\/ecclesiae.de\/blog\/?p=9441"},"modified":"2021-08-05T09:18:31","modified_gmt":"2021-08-05T09:18:31","slug":"23-september-worte-vom-hl-papst-johannes-paul-ii","status":"publish","type":"post","link":"https:\/\/ecclesiae.de\/blog\/?p=9441","title":{"rendered":"23. September  &#8211; Worte vom hl. Papst Johannes Paul II."},"content":{"rendered":"\n<div class=\"wp-block-media-text alignwide is-stacked-on-mobile\"><figure class=\"wp-block-media-text__media\"><img loading=\"lazy\" decoding=\"async\" width=\"195\" height=\"345\" src=\"https:\/\/ecclesiae.de\/blog\/wp-content\/uploads\/2021\/07\/Engel-2.jpg\" alt=\"\" class=\"wp-image-9390 size-full\" srcset=\"https:\/\/ecclesiae.de\/blog\/wp-content\/uploads\/2021\/07\/Engel-2.jpg 195w, https:\/\/ecclesiae.de\/blog\/wp-content\/uploads\/2021\/07\/Engel-2-170x300.jpg 170w\" sizes=\"auto, (max-width: 195px) 100vw, 195px\" \/><\/figure><div class=\"wp-block-media-text__content\">\n<p class=\"has-text-align-center\">1.&nbsp;<em>Angesichts des B\u00f6sen<\/em>, das in der Welt verschiedenartige Formen annimmt, stellt sich der besorgte und best\u00fcrzte&nbsp;<em>Mensch&nbsp;<\/em>die Frage: \u00bb<em>Warum?<\/em>\u00ab<\/p>\n\n\n\n<p class=\"has-text-align-center\">Zu Beginn des dritten Jahrtausends, das durch das Gro\u00dfe Jubil\u00e4umsjahr gesegnet wurde und reich ist an vielf\u00e4ltigen M\u00f6glichkeiten, ist die Menschheit von einer erschreckenden Ausweitung des Terrorismus gezeichnet. Die Aufeinanderfolge grausamer Angriffe gegen das menschliche Leben ersch\u00fcttert und beunruhigt die Gewissen und l\u00e4sst in den Gl\u00e4ubigen die leidvolle Frage aufkommen, die auch in den Psalmen gestellt wird: \u00bbWarum, Herr? Wie lange noch?\u00ab<\/p>\n\n\n\n<p class=\"has-text-align-center\">Fortsetzung folgt<\/p>\n\n\n\n<p class=\"has-text-align-center\">(Papst Johannes-Paul II. am 19. September 2004)<\/p>\n<\/div><\/div>\n","protected":false},"excerpt":{"rendered":"<p>1.&nbsp;Angesichts des B\u00f6sen, das in der Welt verschiedenartige Formen annimmt, stellt sich der besorgte und best\u00fcrzte&nbsp;Mensch&nbsp;die Frage: \u00bbWarum?\u00ab Zu Beginn des dritten Jahrtausends, das durch das Gro\u00dfe Jubil\u00e4umsjahr gesegnet wurde und reich ist an vielf\u00e4ltigen M\u00f6glichkeiten, ist die Menschheit von &hellip; <a href=\"https:\/\/ecclesiae.de\/blog\/?p=9441\">Weiterlesen <span class=\"meta-nav\">&rarr;<\/span><\/a><\/p>\n","protected":false},"author":3,"featured_media":0,"comment_status":"open","ping_status":"closed","sticky":false,"template":"","format":"standard","meta":{"footnotes":""},"categories":[1],"tags":[],"class_list":["post-9441","post","type-post","status-publish","format-standard","hentry","category-uncategorized"],"_links":{"self":[{"href":"https:\/\/ecclesiae.de\/blog\/index.php?rest_route=\/wp\/v2\/posts\/9441","targetHints":{"allow":["GET"]}}],"collection":[{"href":"https:\/\/ecclesiae.de\/blog\/index.php?rest_route=\/wp\/v2\/posts"}],"about":[{"href":"https:\/\/ecclesiae.de\/blog\/index.php?rest_route=\/wp\/v2\/types\/post"}],"author":[{"embeddable":true,"href":"https:\/\/ecclesiae.de\/blog\/index.php?rest_route=\/wp\/v2\/users\/3"}],"replies":[{"embeddable":true,"href":"https:\/\/ecclesiae.de\/blog\/index.php?rest_route=%2Fwp%2Fv2%2Fcomments&post=9441"}],"version-history":[{"count":1,"href":"https:\/\/ecclesiae.de\/blog\/index.php?rest_route=\/wp\/v2\/posts\/9441\/revisions"}],"predecessor-version":[{"id":9442,"href":"https:\/\/ecclesiae.de\/blog\/index.php?rest_route=\/wp\/v2\/posts\/9441\/revisions\/9442"}],"wp:attachment":[{"href":"https:\/\/ecclesiae.de\/blog\/index.php?rest_route=%2Fwp%2Fv2%2Fmedia&parent=9441"}],"wp:term":[{"taxonomy":"category","embeddable":true,"href":"https:\/\/ecclesiae.de\/blog\/index.php?rest_route=%2Fwp%2Fv2%2Fcategories&post=9441"},{"taxonomy":"post_tag","embeddable":true,"href":"https:\/\/ecclesiae.de\/blog\/index.php?rest_route=%2Fwp%2Fv2%2Ftags&post=9441"}],"curies":[{"name":"wp","href":"https:\/\/api.w.org\/{rel}","templated":true}]}}