{"id":9443,"date":"2021-09-24T00:01:00","date_gmt":"2021-09-24T00:01:00","guid":{"rendered":"http:\/\/ecclesiae.de\/blog\/?p=9443"},"modified":"2021-08-05T09:19:50","modified_gmt":"2021-08-05T09:19:50","slug":"24-september-worte-vom-hl-papst-johannes-paul-ii","status":"publish","type":"post","link":"https:\/\/ecclesiae.de\/blog\/?p=9443","title":{"rendered":"24. September  &#8211; Worte vom hl. Papst Johannes Paul II."},"content":{"rendered":"\n<div class=\"wp-block-media-text alignwide is-stacked-on-mobile\"><figure class=\"wp-block-media-text__media\"><img loading=\"lazy\" decoding=\"async\" width=\"290\" height=\"500\" src=\"https:\/\/ecclesiae.de\/blog\/wp-content\/uploads\/2021\/07\/Engel-4.jpg\" alt=\"\" class=\"wp-image-9392 size-full\" srcset=\"https:\/\/ecclesiae.de\/blog\/wp-content\/uploads\/2021\/07\/Engel-4.jpg 290w, https:\/\/ecclesiae.de\/blog\/wp-content\/uploads\/2021\/07\/Engel-4-174x300.jpg 174w\" sizes=\"auto, (max-width: 290px) 100vw, 290px\" \/><\/figure><div class=\"wp-block-media-text__content\">\n<p class=\"has-text-align-center\">Fortsetzung<\/p>\n\n\n\n<p class=\"has-text-align-center\">2. Diese angstvolle Frage, die sich angesichts des Skandals des B\u00f6sen aufdr\u00e4ngt, hat&nbsp;<em>Gott&nbsp;<\/em>nicht mit einer Grundsatzerkl\u00e4rung&nbsp;<em>beantwortet<\/em>, gleichsam als wolle er sich rechtfertigen, sondern&nbsp;<em>mit dem Opfertod seines Sohnes am Kreuz<\/em>. Im Tod Jesu treffen der scheinbare Triumph des B\u00f6sen und der endg\u00fcltige Sieg des Guten aufeinander; der dunkelste Augenblick der Geschichte und die Offenbarung der g\u00f6ttlichen Herrlichkeit; die Bruchstelle und der Anziehungspunkt sowie das Zentrum der Wiederherstellung des Universums. Jesus hat gesagt: \u00bb<em>Und ich, wenn ich \u00fcber die Erde erh\u00f6ht bin, werde alle zu mir ziehen<\/em>\u00ab (<em>Joh<\/em>&nbsp;12,32).<\/p>\n\n\n\n<p class=\"has-text-align-center\">Fortsetzung folgt<\/p>\n\n\n\n<p class=\"has-text-align-center\">(Papst Johannes-Paul II. am 19. September 2004)<\/p>\n<\/div><\/div>\n","protected":false},"excerpt":{"rendered":"<p>Fortsetzung 2. Diese angstvolle Frage, die sich angesichts des Skandals des B\u00f6sen aufdr\u00e4ngt, hat&nbsp;Gott&nbsp;nicht mit einer Grundsatzerkl\u00e4rung&nbsp;beantwortet, gleichsam als wolle er sich rechtfertigen, sondern&nbsp;mit dem Opfertod seines Sohnes am Kreuz. Im Tod Jesu treffen der scheinbare Triumph des B\u00f6sen und &hellip; <a href=\"https:\/\/ecclesiae.de\/blog\/?p=9443\">Weiterlesen <span class=\"meta-nav\">&rarr;<\/span><\/a><\/p>\n","protected":false},"author":3,"featured_media":0,"comment_status":"open","ping_status":"closed","sticky":false,"template":"","format":"standard","meta":{"footnotes":""},"categories":[1],"tags":[],"class_list":["post-9443","post","type-post","status-publish","format-standard","hentry","category-uncategorized"],"_links":{"self":[{"href":"https:\/\/ecclesiae.de\/blog\/index.php?rest_route=\/wp\/v2\/posts\/9443","targetHints":{"allow":["GET"]}}],"collection":[{"href":"https:\/\/ecclesiae.de\/blog\/index.php?rest_route=\/wp\/v2\/posts"}],"about":[{"href":"https:\/\/ecclesiae.de\/blog\/index.php?rest_route=\/wp\/v2\/types\/post"}],"author":[{"embeddable":true,"href":"https:\/\/ecclesiae.de\/blog\/index.php?rest_route=\/wp\/v2\/users\/3"}],"replies":[{"embeddable":true,"href":"https:\/\/ecclesiae.de\/blog\/index.php?rest_route=%2Fwp%2Fv2%2Fcomments&post=9443"}],"version-history":[{"count":1,"href":"https:\/\/ecclesiae.de\/blog\/index.php?rest_route=\/wp\/v2\/posts\/9443\/revisions"}],"predecessor-version":[{"id":9444,"href":"https:\/\/ecclesiae.de\/blog\/index.php?rest_route=\/wp\/v2\/posts\/9443\/revisions\/9444"}],"wp:attachment":[{"href":"https:\/\/ecclesiae.de\/blog\/index.php?rest_route=%2Fwp%2Fv2%2Fmedia&parent=9443"}],"wp:term":[{"taxonomy":"category","embeddable":true,"href":"https:\/\/ecclesiae.de\/blog\/index.php?rest_route=%2Fwp%2Fv2%2Fcategories&post=9443"},{"taxonomy":"post_tag","embeddable":true,"href":"https:\/\/ecclesiae.de\/blog\/index.php?rest_route=%2Fwp%2Fv2%2Ftags&post=9443"}],"curies":[{"name":"wp","href":"https:\/\/api.w.org\/{rel}","templated":true}]}}