{"id":9445,"date":"2021-09-25T00:01:00","date_gmt":"2021-09-25T00:01:00","guid":{"rendered":"http:\/\/ecclesiae.de\/blog\/?p=9445"},"modified":"2021-08-05T09:22:22","modified_gmt":"2021-08-05T09:22:22","slug":"25-september-worte-vom-hl-papst-johannes-paul-ii","status":"publish","type":"post","link":"https:\/\/ecclesiae.de\/blog\/?p=9445","title":{"rendered":"25. September  &#8211; Worte vom hl. Papst Johannes Paul II."},"content":{"rendered":"\n<div class=\"wp-block-media-text alignwide is-stacked-on-mobile\"><figure class=\"wp-block-media-text__media\"><img loading=\"lazy\" decoding=\"async\" width=\"330\" height=\"500\" src=\"https:\/\/ecclesiae.de\/blog\/wp-content\/uploads\/2021\/07\/Engel-3.jpg\" alt=\"\" class=\"wp-image-9391 size-full\" srcset=\"https:\/\/ecclesiae.de\/blog\/wp-content\/uploads\/2021\/07\/Engel-3.jpg 330w, https:\/\/ecclesiae.de\/blog\/wp-content\/uploads\/2021\/07\/Engel-3-198x300.jpg 198w\" sizes=\"auto, (max-width: 330px) 100vw, 330px\" \/><\/figure><div class=\"wp-block-media-text__content\">\n<p class=\"has-text-align-center\">Fortsetzung<\/p>\n\n\n\n<p class=\"has-text-align-center\">Das Kreuz Christi ist f\u00fcr die Gl\u00e4ubigen eine&nbsp;<em>Ikone der Hoffnung<\/em>, denn an ihm ist der Heilsplan der Liebe Gottes in Erf\u00fcllung gegangen. Deshalb hat uns der liturgische Kalender vor einigen Tagen eingeladen, das&nbsp;<em>Fest der Kreuzerh\u00f6hung&nbsp;<\/em>zu feiern, aus dem der Glaubende Trost und Mut sch\u00f6pft.<\/p>\n\n\n\n<p class=\"has-text-align-center\">3. Den Blick auf den gekreuzigten Christus gerichtet und geistlich verbunden mit der Jungfrau Maria, setzen wir unseren Weg fort, getragen von der Kraft der Auferstehung.<\/p>\n\n\n\n<p class=\"has-text-align-center\">(Papst Johannes-Paul II. am 19. September 2004)<\/p>\n<\/div><\/div>\n","protected":false},"excerpt":{"rendered":"<p>Fortsetzung Das Kreuz Christi ist f\u00fcr die Gl\u00e4ubigen eine&nbsp;Ikone der Hoffnung, denn an ihm ist der Heilsplan der Liebe Gottes in Erf\u00fcllung gegangen. Deshalb hat uns der liturgische Kalender vor einigen Tagen eingeladen, das&nbsp;Fest der Kreuzerh\u00f6hung&nbsp;zu feiern, aus dem der &hellip; <a href=\"https:\/\/ecclesiae.de\/blog\/?p=9445\">Weiterlesen <span class=\"meta-nav\">&rarr;<\/span><\/a><\/p>\n","protected":false},"author":3,"featured_media":0,"comment_status":"open","ping_status":"closed","sticky":false,"template":"","format":"standard","meta":{"footnotes":""},"categories":[1],"tags":[],"class_list":["post-9445","post","type-post","status-publish","format-standard","hentry","category-uncategorized"],"_links":{"self":[{"href":"https:\/\/ecclesiae.de\/blog\/index.php?rest_route=\/wp\/v2\/posts\/9445","targetHints":{"allow":["GET"]}}],"collection":[{"href":"https:\/\/ecclesiae.de\/blog\/index.php?rest_route=\/wp\/v2\/posts"}],"about":[{"href":"https:\/\/ecclesiae.de\/blog\/index.php?rest_route=\/wp\/v2\/types\/post"}],"author":[{"embeddable":true,"href":"https:\/\/ecclesiae.de\/blog\/index.php?rest_route=\/wp\/v2\/users\/3"}],"replies":[{"embeddable":true,"href":"https:\/\/ecclesiae.de\/blog\/index.php?rest_route=%2Fwp%2Fv2%2Fcomments&post=9445"}],"version-history":[{"count":1,"href":"https:\/\/ecclesiae.de\/blog\/index.php?rest_route=\/wp\/v2\/posts\/9445\/revisions"}],"predecessor-version":[{"id":9446,"href":"https:\/\/ecclesiae.de\/blog\/index.php?rest_route=\/wp\/v2\/posts\/9445\/revisions\/9446"}],"wp:attachment":[{"href":"https:\/\/ecclesiae.de\/blog\/index.php?rest_route=%2Fwp%2Fv2%2Fmedia&parent=9445"}],"wp:term":[{"taxonomy":"category","embeddable":true,"href":"https:\/\/ecclesiae.de\/blog\/index.php?rest_route=%2Fwp%2Fv2%2Fcategories&post=9445"},{"taxonomy":"post_tag","embeddable":true,"href":"https:\/\/ecclesiae.de\/blog\/index.php?rest_route=%2Fwp%2Fv2%2Ftags&post=9445"}],"curies":[{"name":"wp","href":"https:\/\/api.w.org\/{rel}","templated":true}]}}