{"id":9449,"date":"2021-09-27T00:01:00","date_gmt":"2021-09-27T00:01:00","guid":{"rendered":"http:\/\/ecclesiae.de\/blog\/?p=9449"},"modified":"2021-08-06T06:30:41","modified_gmt":"2021-08-06T06:30:41","slug":"27-september-worte-vom-hl-papst-johannes-paul-ii","status":"publish","type":"post","link":"https:\/\/ecclesiae.de\/blog\/?p=9449","title":{"rendered":"27. September  &#8211; Worte vom hl. Papst Johannes Paul II."},"content":{"rendered":"\n<div class=\"wp-block-media-text alignwide is-stacked-on-mobile\"><figure class=\"wp-block-media-text__media\"><img loading=\"lazy\" decoding=\"async\" width=\"281\" height=\"500\" src=\"https:\/\/ecclesiae.de\/blog\/wp-content\/uploads\/2021\/07\/Engel-Raphael.jpg\" alt=\"\" class=\"wp-image-9394 size-full\" srcset=\"https:\/\/ecclesiae.de\/blog\/wp-content\/uploads\/2021\/07\/Engel-Raphael.jpg 281w, https:\/\/ecclesiae.de\/blog\/wp-content\/uploads\/2021\/07\/Engel-Raphael-169x300.jpg 169w\" sizes=\"auto, (max-width: 281px) 100vw, 281px\" \/><\/figure><div class=\"wp-block-media-text__content\">\n<p class=\"has-text-align-center\">Fortsetzung<\/p>\n\n\n\n<p class=\"has-text-align-center\">3. Dem Rassismus muss eine&nbsp;<em>Kultur der gegenseitigen Aufnahme<\/em>&nbsp;entgegengesetzt werden. Daher m\u00fcssen wir in jedem Mann und in jeder Frau einen Bruder und eine Schwester erkennen, mit denen wir die Stra\u00dfen der Solidarit\u00e4t und des Friedens beschreiten sollen. Es wird daher ein breitangelegtes&nbsp;<em>Werk der Erziehung zu den Werten n\u00f6tig sein, die die W\u00fcrde der Person hervorheben<\/em>&nbsp;und ihre Grundrechte sch\u00fctzen. Die Kirche m\u00f6chte ihre Bem\u00fchungen in diesem Bereich fortsetzen und bittet alle Gl\u00e4ubigen um ihren verantwortungsvollen Beitrag zur Bekehrung der Herzen, zur Sensibilisierung und zur Bildung. Zu diesem Zweck bedarf es in erster Linie des Gebetes.<\/p>\n\n\n\n<p class=\"has-text-align-center\">(Papst Johannes-Paul II. am 26. August 2001)<\/p>\n<\/div><\/div>\n","protected":false},"excerpt":{"rendered":"<p>Fortsetzung 3. Dem Rassismus muss eine&nbsp;Kultur der gegenseitigen Aufnahme&nbsp;entgegengesetzt werden. Daher m\u00fcssen wir in jedem Mann und in jeder Frau einen Bruder und eine Schwester erkennen, mit denen wir die Stra\u00dfen der Solidarit\u00e4t und des Friedens beschreiten sollen. Es wird &hellip; <a href=\"https:\/\/ecclesiae.de\/blog\/?p=9449\">Weiterlesen <span class=\"meta-nav\">&rarr;<\/span><\/a><\/p>\n","protected":false},"author":3,"featured_media":0,"comment_status":"open","ping_status":"closed","sticky":false,"template":"","format":"standard","meta":{"footnotes":""},"categories":[1],"tags":[],"class_list":["post-9449","post","type-post","status-publish","format-standard","hentry","category-uncategorized"],"_links":{"self":[{"href":"https:\/\/ecclesiae.de\/blog\/index.php?rest_route=\/wp\/v2\/posts\/9449","targetHints":{"allow":["GET"]}}],"collection":[{"href":"https:\/\/ecclesiae.de\/blog\/index.php?rest_route=\/wp\/v2\/posts"}],"about":[{"href":"https:\/\/ecclesiae.de\/blog\/index.php?rest_route=\/wp\/v2\/types\/post"}],"author":[{"embeddable":true,"href":"https:\/\/ecclesiae.de\/blog\/index.php?rest_route=\/wp\/v2\/users\/3"}],"replies":[{"embeddable":true,"href":"https:\/\/ecclesiae.de\/blog\/index.php?rest_route=%2Fwp%2Fv2%2Fcomments&post=9449"}],"version-history":[{"count":1,"href":"https:\/\/ecclesiae.de\/blog\/index.php?rest_route=\/wp\/v2\/posts\/9449\/revisions"}],"predecessor-version":[{"id":9450,"href":"https:\/\/ecclesiae.de\/blog\/index.php?rest_route=\/wp\/v2\/posts\/9449\/revisions\/9450"}],"wp:attachment":[{"href":"https:\/\/ecclesiae.de\/blog\/index.php?rest_route=%2Fwp%2Fv2%2Fmedia&parent=9449"}],"wp:term":[{"taxonomy":"category","embeddable":true,"href":"https:\/\/ecclesiae.de\/blog\/index.php?rest_route=%2Fwp%2Fv2%2Fcategories&post=9449"},{"taxonomy":"post_tag","embeddable":true,"href":"https:\/\/ecclesiae.de\/blog\/index.php?rest_route=%2Fwp%2Fv2%2Ftags&post=9449"}],"curies":[{"name":"wp","href":"https:\/\/api.w.org\/{rel}","templated":true}]}}