{"id":9502,"date":"2021-10-23T00:02:00","date_gmt":"2021-10-23T00:02:00","guid":{"rendered":"http:\/\/ecclesiae.de\/blog\/?p=9502"},"modified":"2021-08-09T13:03:50","modified_gmt":"2021-08-09T13:03:50","slug":"23-oktober-worte-vom-hl-papst-johannes-paul-ii","status":"publish","type":"post","link":"https:\/\/ecclesiae.de\/blog\/?p=9502","title":{"rendered":"23. Oktober  &#8211; Worte vom hl. Papst Johannes Paul II."},"content":{"rendered":"\n<div class=\"wp-block-media-text alignwide is-stacked-on-mobile\"><figure class=\"wp-block-media-text__media\"><img loading=\"lazy\" decoding=\"async\" width=\"498\" height=\"1024\" src=\"https:\/\/ecclesiae.de\/blog\/wp-content\/uploads\/2019\/12\/20191113_134419-498x1024.jpg\" alt=\"\" class=\"wp-image-7951 size-full\" srcset=\"https:\/\/ecclesiae.de\/blog\/wp-content\/uploads\/2019\/12\/20191113_134419-498x1024.jpg 498w, https:\/\/ecclesiae.de\/blog\/wp-content\/uploads\/2019\/12\/20191113_134419-146x300.jpg 146w, https:\/\/ecclesiae.de\/blog\/wp-content\/uploads\/2019\/12\/20191113_134419-768x1580.jpg 768w, https:\/\/ecclesiae.de\/blog\/wp-content\/uploads\/2019\/12\/20191113_134419-747x1536.jpg 747w, https:\/\/ecclesiae.de\/blog\/wp-content\/uploads\/2019\/12\/20191113_134419-996x2048.jpg 996w, https:\/\/ecclesiae.de\/blog\/wp-content\/uploads\/2019\/12\/20191113_134419-scaled.jpg 1244w\" sizes=\"auto, (max-width: 498px) 100vw, 498px\" \/><\/figure><div class=\"wp-block-media-text__content\">\n<p class=\"has-text-align-center\">Fortsetzung<\/p>\n\n\n\n<p class=\"has-text-align-center has-normal-font-size\">So werdet ihr bei den freudenreichen Geheimnissen lernen, an Jesus zu denken, der sich arm und klein gemacht hat \u2013 ein Kind! \u2013 f\u00fcr uns, um uns zu dienen; und ihr werdet euch angetrieben f\u00fchlen, dem N\u00e4chsten in seinen Bed\u00fcrfnissen zu dienen.<\/p>\n\n\n\n<p class=\"has-text-align-center\">Fortsetzung folgt<\/p>\n\n\n\n<p class=\"has-text-align-center\">(Papst Johannes-Paul II. am 05.04.1987)<\/p>\n<\/div><\/div>\n","protected":false},"excerpt":{"rendered":"<p>Fortsetzung So werdet ihr bei den freudenreichen Geheimnissen lernen, an Jesus zu denken, der sich arm und klein gemacht hat \u2013 ein Kind! \u2013 f\u00fcr uns, um uns zu dienen; und ihr werdet euch angetrieben f\u00fchlen, dem N\u00e4chsten in seinen &hellip; <a href=\"https:\/\/ecclesiae.de\/blog\/?p=9502\">Weiterlesen <span class=\"meta-nav\">&rarr;<\/span><\/a><\/p>\n","protected":false},"author":3,"featured_media":0,"comment_status":"open","ping_status":"closed","sticky":false,"template":"","format":"standard","meta":{"footnotes":""},"categories":[1],"tags":[],"class_list":["post-9502","post","type-post","status-publish","format-standard","hentry","category-uncategorized"],"_links":{"self":[{"href":"https:\/\/ecclesiae.de\/blog\/index.php?rest_route=\/wp\/v2\/posts\/9502","targetHints":{"allow":["GET"]}}],"collection":[{"href":"https:\/\/ecclesiae.de\/blog\/index.php?rest_route=\/wp\/v2\/posts"}],"about":[{"href":"https:\/\/ecclesiae.de\/blog\/index.php?rest_route=\/wp\/v2\/types\/post"}],"author":[{"embeddable":true,"href":"https:\/\/ecclesiae.de\/blog\/index.php?rest_route=\/wp\/v2\/users\/3"}],"replies":[{"embeddable":true,"href":"https:\/\/ecclesiae.de\/blog\/index.php?rest_route=%2Fwp%2Fv2%2Fcomments&post=9502"}],"version-history":[{"count":1,"href":"https:\/\/ecclesiae.de\/blog\/index.php?rest_route=\/wp\/v2\/posts\/9502\/revisions"}],"predecessor-version":[{"id":9503,"href":"https:\/\/ecclesiae.de\/blog\/index.php?rest_route=\/wp\/v2\/posts\/9502\/revisions\/9503"}],"wp:attachment":[{"href":"https:\/\/ecclesiae.de\/blog\/index.php?rest_route=%2Fwp%2Fv2%2Fmedia&parent=9502"}],"wp:term":[{"taxonomy":"category","embeddable":true,"href":"https:\/\/ecclesiae.de\/blog\/index.php?rest_route=%2Fwp%2Fv2%2Fcategories&post=9502"},{"taxonomy":"post_tag","embeddable":true,"href":"https:\/\/ecclesiae.de\/blog\/index.php?rest_route=%2Fwp%2Fv2%2Ftags&post=9502"}],"curies":[{"name":"wp","href":"https:\/\/api.w.org\/{rel}","templated":true}]}}