{"id":9820,"date":"2026-02-23T00:01:00","date_gmt":"2026-02-22T23:01:00","guid":{"rendered":"http:\/\/ecclesiae.de\/blog\/?p=9820"},"modified":"2026-01-27T15:12:20","modified_gmt":"2026-01-27T14:12:20","slug":"23-februar-2","status":"publish","type":"post","link":"https:\/\/ecclesiae.de\/blog\/?p=9820","title":{"rendered":"23. Februar"},"content":{"rendered":"\n<div class=\"wp-block-media-text alignwide is-stacked-on-mobile\"><figure class=\"wp-block-media-text__media\"><img loading=\"lazy\" decoding=\"async\" width=\"768\" height=\"1024\" src=\"https:\/\/ecclesiae.de\/blog\/wp-content\/uploads\/2021\/05\/IMG-20210430-WA0026-768x1024.jpg\" alt=\"\" class=\"wp-image-9242 size-full\" srcset=\"https:\/\/ecclesiae.de\/blog\/wp-content\/uploads\/2021\/05\/IMG-20210430-WA0026-768x1024.jpg 768w, https:\/\/ecclesiae.de\/blog\/wp-content\/uploads\/2021\/05\/IMG-20210430-WA0026-225x300.jpg 225w, https:\/\/ecclesiae.de\/blog\/wp-content\/uploads\/2021\/05\/IMG-20210430-WA0026-1152x1536.jpg 1152w, https:\/\/ecclesiae.de\/blog\/wp-content\/uploads\/2021\/05\/IMG-20210430-WA0026.jpg 1200w\" sizes=\"auto, (max-width: 768px) 100vw, 768px\" \/><\/figure><div class=\"wp-block-media-text__content\">\n<p class=\"has-text-align-center\">Oft soll der Heilige, wenn er eine dem katholischen Glauben entgegengesetzte \u00c4u\u00dferung h\u00f6rte, geseufzt haben:&nbsp;\u00bbGuter Gott, was f\u00fcr Zeiten hast du mich erleben lassen!\u00ab&nbsp;Sofort floh er von jedem Orte, wo er eine blasphemische Rede geh\u00f6rt hatte. In diesem Geiste betete, lehrte und wirkte der heil. Bischof zu Smyrna eine lange Reihe von Jahren, und stand nicht bloss bei den Christen, sondern auch bei den Heiden im h\u00f6chsten Ansehen.<\/p>\n\n\n\n<p class=\"has-text-align-center\">( Heiliger <a href=\"http:\/\/ecclesiaeveritas.net\/index.php?title=Polykarp\">Polykarp <\/a>)<\/p>\n<\/div><\/div>\n","protected":false},"excerpt":{"rendered":"<p>Oft soll der Heilige, wenn er eine dem katholischen Glauben entgegengesetzte \u00c4u\u00dferung h\u00f6rte, geseufzt haben:&nbsp;\u00bbGuter Gott, was f\u00fcr Zeiten hast du mich erleben lassen!\u00ab&nbsp;Sofort floh er von jedem Orte, wo er eine blasphemische Rede geh\u00f6rt hatte. In diesem Geiste betete, &hellip; <a href=\"https:\/\/ecclesiae.de\/blog\/?p=9820\">Weiterlesen <span class=\"meta-nav\">&rarr;<\/span><\/a><\/p>\n","protected":false},"author":3,"featured_media":0,"comment_status":"open","ping_status":"closed","sticky":false,"template":"","format":"standard","meta":{"footnotes":""},"categories":[1],"tags":[],"class_list":["post-9820","post","type-post","status-publish","format-standard","hentry","category-uncategorized"],"_links":{"self":[{"href":"https:\/\/ecclesiae.de\/blog\/index.php?rest_route=\/wp\/v2\/posts\/9820","targetHints":{"allow":["GET"]}}],"collection":[{"href":"https:\/\/ecclesiae.de\/blog\/index.php?rest_route=\/wp\/v2\/posts"}],"about":[{"href":"https:\/\/ecclesiae.de\/blog\/index.php?rest_route=\/wp\/v2\/types\/post"}],"author":[{"embeddable":true,"href":"https:\/\/ecclesiae.de\/blog\/index.php?rest_route=\/wp\/v2\/users\/3"}],"replies":[{"embeddable":true,"href":"https:\/\/ecclesiae.de\/blog\/index.php?rest_route=%2Fwp%2Fv2%2Fcomments&post=9820"}],"version-history":[{"count":1,"href":"https:\/\/ecclesiae.de\/blog\/index.php?rest_route=\/wp\/v2\/posts\/9820\/revisions"}],"predecessor-version":[{"id":9821,"href":"https:\/\/ecclesiae.de\/blog\/index.php?rest_route=\/wp\/v2\/posts\/9820\/revisions\/9821"}],"wp:attachment":[{"href":"https:\/\/ecclesiae.de\/blog\/index.php?rest_route=%2Fwp%2Fv2%2Fmedia&parent=9820"}],"wp:term":[{"taxonomy":"category","embeddable":true,"href":"https:\/\/ecclesiae.de\/blog\/index.php?rest_route=%2Fwp%2Fv2%2Fcategories&post=9820"},{"taxonomy":"post_tag","embeddable":true,"href":"https:\/\/ecclesiae.de\/blog\/index.php?rest_route=%2Fwp%2Fv2%2Ftags&post=9820"}],"curies":[{"name":"wp","href":"https:\/\/api.w.org\/{rel}","templated":true}]}}