{"id":9974,"date":"2026-04-12T00:01:00","date_gmt":"2026-04-11T22:01:00","guid":{"rendered":"http:\/\/ecclesiae.de\/blog\/?p=9974"},"modified":"2026-03-10T16:43:52","modified_gmt":"2026-03-10T15:43:52","slug":"24-april","status":"publish","type":"post","link":"https:\/\/ecclesiae.de\/blog\/?p=9974","title":{"rendered":"12. April"},"content":{"rendered":"\n<div class=\"wp-block-media-text alignwide is-stacked-on-mobile\"><figure class=\"wp-block-media-text__media\"><img loading=\"lazy\" decoding=\"async\" width=\"669\" height=\"936\" src=\"https:\/\/ecclesiae.de\/blog\/wp-content\/uploads\/2015\/12\/Gesamt.jpg\" alt=\"\" class=\"wp-image-4141 size-full\" srcset=\"https:\/\/ecclesiae.de\/blog\/wp-content\/uploads\/2015\/12\/Gesamt.jpg 669w, https:\/\/ecclesiae.de\/blog\/wp-content\/uploads\/2015\/12\/Gesamt-214x300.jpg 214w\" sizes=\"auto, (max-width: 669px) 100vw, 669px\" \/><\/figure><div class=\"wp-block-media-text__content\">\n<p class=\"has-text-align-center has-medium-font-size\">Heute feiern wir den wei\u00dfen Sonntag, den der heilige Papst Johannes Paul II. im Jahr 2000 zum Sonntag der g\u00f6ttlichen Barmherzigkeit erkl\u00e4rt hat. Schlie\u00dfen wir alle Menschen in den <a href=\"https:\/\/br-thomas-apostolat.de\/rosenkranz\/Rk-Sr-Faustyna.htm\">Barmherzigkeitsrosenkranz<\/a> ein.<\/p>\n<\/div><\/div>\n","protected":false},"excerpt":{"rendered":"<p>Heute feiern wir den wei\u00dfen Sonntag, den der heilige Papst Johannes Paul II. im Jahr 2000 zum Sonntag der g\u00f6ttlichen Barmherzigkeit erkl\u00e4rt hat. Schlie\u00dfen wir alle Menschen in den Barmherzigkeitsrosenkranz ein.<\/p>\n","protected":false},"author":3,"featured_media":0,"comment_status":"open","ping_status":"closed","sticky":false,"template":"","format":"standard","meta":{"footnotes":""},"categories":[1],"tags":[],"class_list":["post-9974","post","type-post","status-publish","format-standard","hentry","category-uncategorized"],"_links":{"self":[{"href":"https:\/\/ecclesiae.de\/blog\/index.php?rest_route=\/wp\/v2\/posts\/9974","targetHints":{"allow":["GET"]}}],"collection":[{"href":"https:\/\/ecclesiae.de\/blog\/index.php?rest_route=\/wp\/v2\/posts"}],"about":[{"href":"https:\/\/ecclesiae.de\/blog\/index.php?rest_route=\/wp\/v2\/types\/post"}],"author":[{"embeddable":true,"href":"https:\/\/ecclesiae.de\/blog\/index.php?rest_route=\/wp\/v2\/users\/3"}],"replies":[{"embeddable":true,"href":"https:\/\/ecclesiae.de\/blog\/index.php?rest_route=%2Fwp%2Fv2%2Fcomments&post=9974"}],"version-history":[{"count":4,"href":"https:\/\/ecclesiae.de\/blog\/index.php?rest_route=\/wp\/v2\/posts\/9974\/revisions"}],"predecessor-version":[{"id":14197,"href":"https:\/\/ecclesiae.de\/blog\/index.php?rest_route=\/wp\/v2\/posts\/9974\/revisions\/14197"}],"wp:attachment":[{"href":"https:\/\/ecclesiae.de\/blog\/index.php?rest_route=%2Fwp%2Fv2%2Fmedia&parent=9974"}],"wp:term":[{"taxonomy":"category","embeddable":true,"href":"https:\/\/ecclesiae.de\/blog\/index.php?rest_route=%2Fwp%2Fv2%2Fcategories&post=9974"},{"taxonomy":"post_tag","embeddable":true,"href":"https:\/\/ecclesiae.de\/blog\/index.php?rest_route=%2Fwp%2Fv2%2Ftags&post=9974"}],"curies":[{"name":"wp","href":"https:\/\/api.w.org\/{rel}","templated":true}]}}