{"id":9976,"date":"2026-04-09T00:01:00","date_gmt":"2026-04-08T22:01:00","guid":{"rendered":"http:\/\/ecclesiae.de\/blog\/?p=9976"},"modified":"2026-03-02T14:27:25","modified_gmt":"2026-03-02T13:27:25","slug":"21-april","status":"publish","type":"post","link":"https:\/\/ecclesiae.de\/blog\/?p=9976","title":{"rendered":"09. April"},"content":{"rendered":"\n<div class=\"wp-block-media-text alignwide is-stacked-on-mobile\"><figure class=\"wp-block-media-text__media\"><img loading=\"lazy\" decoding=\"async\" width=\"451\" height=\"772\" src=\"https:\/\/ecclesiae.de\/blog\/wp-content\/uploads\/2020\/04\/Pusteblumen.jpg\" alt=\"\" class=\"wp-image-8260 size-full\" srcset=\"https:\/\/ecclesiae.de\/blog\/wp-content\/uploads\/2020\/04\/Pusteblumen.jpg 451w, https:\/\/ecclesiae.de\/blog\/wp-content\/uploads\/2020\/04\/Pusteblumen-175x300.jpg 175w\" sizes=\"auto, (max-width: 451px) 100vw, 451px\" \/><\/figure><div class=\"wp-block-media-text__content\">\n<p class=\"has-text-align-center\" style=\"font-size:18px\">Da erz\u00e4hlten auch sie (die beiden J\u00fcnger, die von Emmaus zur\u00fcckgekehrt waren), was sie unterwegs erlebt und wie sie ihn erkannt h\u00e4tten beim Brechen des Brotes. W\u00e4hrend sie noch dar\u00fcber redeten, stand er selbst in ihrer Mitte und sprach zu ihnen:&nbsp;\u00bbFriede sei euch! \u00ab&nbsp;Sie aber erschraken und f\u00fcrchteten sich und glaubten, einen Geist zu sehen.<\/p>\n<\/div><\/div>\n\n\n\n<p class=\"has-text-align-center\" style=\"font-size:16px\">Und er sprach zu ihnen:\u00a0\u00bbWarum seid ihr verwirrt, und warum steigen Zweifel auf in euren Herzen? Seht an meinen H\u00e4nden und F\u00fc\u00dfen, dass ich selbst es bin; r\u00fchrt mich an und seht, ein Geist hat doch nicht Fleisch und Gebein, wie ihr mich es haben seht.\u00ab\u00a0Mit diesen Worten zeigte er ihnen seine H\u00e4nde und F\u00fc\u00dfe. Da sie aber vor Freude nicht glauben wollten und staunten, sprach er zu ihnen:\u00a0\u00bbHabt ihr etwas zu essen hier?\u00ab\u00a0Sie gaben ihm ein St\u00fcck gebratenen Fisch [und eine Honigwabe], und er nahm und a\u00df vor ihren Augen. Er sprach zu ihnen:\u00a0\u00bbDies sind meine Worte, die ich zu euch sagte, da ich noch bei euch war: Alles muss erf\u00fcllt werden, was im Gesetz des Moses, in den Propheten und Psalmen geschrieben steht \u00fcber mich.\u00ab\u00a0Dann erschloss er ihnen den Sinn zum Verstehen der Schriften und sprach zu ihnen:\u00a0\u00bbSo steht geschrieben: Der Messias wird leiden und von den Toten auferstehen am dritten Tag, und in seinem Namen wird Bekehrung und Vergebung der S\u00fcnden verk\u00fcndet an alle V\u00f6lker, angefangen von Jerusalem. Ihr seid Zeugen daf\u00fcr. <\/p>\n\n\n\n<p class=\"has-text-align-center\" style=\"font-size:16px\">(<a href=\"http:\/\/vulgata.info\/index.php?title=Kategorie:Vulgata:NT:Lk24\">Lukas 24,35-48<\/a>)<\/p>\n","protected":false},"excerpt":{"rendered":"<p>Da erz\u00e4hlten auch sie (die beiden J\u00fcnger, die von Emmaus zur\u00fcckgekehrt waren), was sie unterwegs erlebt und wie sie ihn erkannt h\u00e4tten beim Brechen des Brotes. W\u00e4hrend sie noch dar\u00fcber redeten, stand er selbst in ihrer Mitte und sprach zu &hellip; <a href=\"https:\/\/ecclesiae.de\/blog\/?p=9976\">Weiterlesen <span class=\"meta-nav\">&rarr;<\/span><\/a><\/p>\n","protected":false},"author":3,"featured_media":0,"comment_status":"open","ping_status":"closed","sticky":false,"template":"","format":"standard","meta":{"footnotes":""},"categories":[1],"tags":[],"class_list":["post-9976","post","type-post","status-publish","format-standard","hentry","category-uncategorized"],"_links":{"self":[{"href":"https:\/\/ecclesiae.de\/blog\/index.php?rest_route=\/wp\/v2\/posts\/9976","targetHints":{"allow":["GET"]}}],"collection":[{"href":"https:\/\/ecclesiae.de\/blog\/index.php?rest_route=\/wp\/v2\/posts"}],"about":[{"href":"https:\/\/ecclesiae.de\/blog\/index.php?rest_route=\/wp\/v2\/types\/post"}],"author":[{"embeddable":true,"href":"https:\/\/ecclesiae.de\/blog\/index.php?rest_route=\/wp\/v2\/users\/3"}],"replies":[{"embeddable":true,"href":"https:\/\/ecclesiae.de\/blog\/index.php?rest_route=%2Fwp%2Fv2%2Fcomments&post=9976"}],"version-history":[{"count":3,"href":"https:\/\/ecclesiae.de\/blog\/index.php?rest_route=\/wp\/v2\/posts\/9976\/revisions"}],"predecessor-version":[{"id":14194,"href":"https:\/\/ecclesiae.de\/blog\/index.php?rest_route=\/wp\/v2\/posts\/9976\/revisions\/14194"}],"wp:attachment":[{"href":"https:\/\/ecclesiae.de\/blog\/index.php?rest_route=%2Fwp%2Fv2%2Fmedia&parent=9976"}],"wp:term":[{"taxonomy":"category","embeddable":true,"href":"https:\/\/ecclesiae.de\/blog\/index.php?rest_route=%2Fwp%2Fv2%2Fcategories&post=9976"},{"taxonomy":"post_tag","embeddable":true,"href":"https:\/\/ecclesiae.de\/blog\/index.php?rest_route=%2Fwp%2Fv2%2Ftags&post=9976"}],"curies":[{"name":"wp","href":"https:\/\/api.w.org\/{rel}","templated":true}]}}