{"id":9980,"date":"2026-04-11T00:10:00","date_gmt":"2026-04-10T22:10:00","guid":{"rendered":"http:\/\/ecclesiae.de\/blog\/?p=9980"},"modified":"2026-03-02T14:27:40","modified_gmt":"2026-03-02T13:27:40","slug":"23-april","status":"publish","type":"post","link":"https:\/\/ecclesiae.de\/blog\/?p=9980","title":{"rendered":"11. April"},"content":{"rendered":"\n<div class=\"wp-block-media-text alignwide is-stacked-on-mobile\"><figure class=\"wp-block-media-text__media\"><img loading=\"lazy\" decoding=\"async\" width=\"485\" height=\"1024\" src=\"https:\/\/ecclesiae.de\/blog\/wp-content\/uploads\/2021\/07\/20190626_150721-e1562515373108-485x1024-1.jpg\" alt=\"\" class=\"wp-image-9342 size-full\" srcset=\"https:\/\/ecclesiae.de\/blog\/wp-content\/uploads\/2021\/07\/20190626_150721-e1562515373108-485x1024-1.jpg 485w, https:\/\/ecclesiae.de\/blog\/wp-content\/uploads\/2021\/07\/20190626_150721-e1562515373108-485x1024-1-142x300.jpg 142w\" sizes=\"auto, (max-width: 485px) 100vw, 485px\" \/><\/figure><div class=\"wp-block-media-text__content\">\n<p class=\"has-text-align-center\" style=\"font-size:16px\"><strong>Erscheinung des Auferstandenen<\/strong><\/p>\n\n\n\n<p class=\"has-text-align-center\" style=\"font-size:16px\"> Als er in der Fr\u00fche am ersten Wochentag auferstanden war, erschien er zuerst Maria Magdalena, aus der er sieben D\u00e4monen ausgetrieben hatte. Diese ging hin und verk\u00fcndete es seinen trauernden und weinenden Gef\u00e4hrten. Doch als diese h\u00f6rten, dass er lebe und von ihr gesehen worden sei, glaubten sie es nicht.<\/p>\n\n\n\n<p class=\"has-text-align-center\" style=\"font-size:16px\">Danach erschien er in fremder Gestalt zweien von ihnen auf dem Weg, als sie \u00fcber Land gingen. Und diese gingen hin und verk\u00fcndeten es den \u00fcbrigen; doch auch ihnen glaubten sie nicht.<br><\/p>\n<\/div><\/div>\n\n\n\n<p class=\"has-text-align-center\" style=\"font-size:16px\">Sp\u00e4ter erschien er den Elfen, als sie bei Tische waren, und tadelte ihren Unglauben und ihre Herzensh\u00e4rte, weil sie denen, die ihn als von den Toten Auferweckten sahen, nicht geglaubt hatten. Und er sprach zu ihnen:\u00a0\u00bbGeht hin in alle Welt und verk\u00fcndet das Evangelium aller Kreatur! <\/p>\n\n\n\n<p class=\"has-text-align-center\" style=\"font-size:16px\">(<a href=\"http:\/\/vulgata.info\/index.php?title=Kategorie:Vulgata:NT:Mk16\">Lukas 16,9-15<\/a>)<\/p>\n","protected":false},"excerpt":{"rendered":"<p>Erscheinung des Auferstandenen Als er in der Fr\u00fche am ersten Wochentag auferstanden war, erschien er zuerst Maria Magdalena, aus der er sieben D\u00e4monen ausgetrieben hatte. Diese ging hin und verk\u00fcndete es seinen trauernden und weinenden Gef\u00e4hrten. Doch als diese h\u00f6rten, &hellip; <a href=\"https:\/\/ecclesiae.de\/blog\/?p=9980\">Weiterlesen <span class=\"meta-nav\">&rarr;<\/span><\/a><\/p>\n","protected":false},"author":3,"featured_media":0,"comment_status":"open","ping_status":"closed","sticky":false,"template":"","format":"standard","meta":{"footnotes":""},"categories":[1],"tags":[],"class_list":["post-9980","post","type-post","status-publish","format-standard","hentry","category-uncategorized"],"_links":{"self":[{"href":"https:\/\/ecclesiae.de\/blog\/index.php?rest_route=\/wp\/v2\/posts\/9980","targetHints":{"allow":["GET"]}}],"collection":[{"href":"https:\/\/ecclesiae.de\/blog\/index.php?rest_route=\/wp\/v2\/posts"}],"about":[{"href":"https:\/\/ecclesiae.de\/blog\/index.php?rest_route=\/wp\/v2\/types\/post"}],"author":[{"embeddable":true,"href":"https:\/\/ecclesiae.de\/blog\/index.php?rest_route=\/wp\/v2\/users\/3"}],"replies":[{"embeddable":true,"href":"https:\/\/ecclesiae.de\/blog\/index.php?rest_route=%2Fwp%2Fv2%2Fcomments&post=9980"}],"version-history":[{"count":2,"href":"https:\/\/ecclesiae.de\/blog\/index.php?rest_route=\/wp\/v2\/posts\/9980\/revisions"}],"predecessor-version":[{"id":14195,"href":"https:\/\/ecclesiae.de\/blog\/index.php?rest_route=\/wp\/v2\/posts\/9980\/revisions\/14195"}],"wp:attachment":[{"href":"https:\/\/ecclesiae.de\/blog\/index.php?rest_route=%2Fwp%2Fv2%2Fmedia&parent=9980"}],"wp:term":[{"taxonomy":"category","embeddable":true,"href":"https:\/\/ecclesiae.de\/blog\/index.php?rest_route=%2Fwp%2Fv2%2Fcategories&post=9980"},{"taxonomy":"post_tag","embeddable":true,"href":"https:\/\/ecclesiae.de\/blog\/index.php?rest_route=%2Fwp%2Fv2%2Ftags&post=9980"}],"curies":[{"name":"wp","href":"https:\/\/api.w.org\/{rel}","templated":true}]}}