{"id":9993,"date":"2026-04-27T00:01:00","date_gmt":"2026-04-26T22:01:00","guid":{"rendered":"http:\/\/ecclesiae.de\/blog\/?p=9993"},"modified":"2026-03-23T16:27:27","modified_gmt":"2026-03-23T15:27:27","slug":"27-april","status":"publish","type":"post","link":"https:\/\/ecclesiae.de\/blog\/?p=9993","title":{"rendered":"27. April"},"content":{"rendered":"\n<div class=\"wp-block-media-text alignwide is-stacked-on-mobile\"><figure class=\"wp-block-media-text__media\"><img loading=\"lazy\" decoding=\"async\" width=\"498\" height=\"1024\" src=\"https:\/\/ecclesiae.de\/blog\/wp-content\/uploads\/2019\/07\/20190621_144049-e1562515353868-498x1024.jpg\" alt=\"\" class=\"wp-image-7522 size-full\" srcset=\"https:\/\/ecclesiae.de\/blog\/wp-content\/uploads\/2019\/07\/20190621_144049-e1562515353868-498x1024.jpg 498w, https:\/\/ecclesiae.de\/blog\/wp-content\/uploads\/2019\/07\/20190621_144049-e1562515353868-146x300.jpg 146w, https:\/\/ecclesiae.de\/blog\/wp-content\/uploads\/2019\/07\/20190621_144049-e1562515353868-768x1580.jpg 768w, https:\/\/ecclesiae.de\/blog\/wp-content\/uploads\/2019\/07\/20190621_144049-e1562515353868.jpg 1960w\" sizes=\"auto, (max-width: 498px) 100vw, 498px\" \/><\/figure><div class=\"wp-block-media-text__content\">\n<p class=\"has-text-align-center\">\u00bbGelobt sei der Herr, der seine Diener durch den Hass, welchen die Irrgl\u00e4ubigen in Polen, in B\u00f6hmen und in Deutschland \u00fcber sie aussch\u00fctten, verherrlichen will! Vorz\u00fcglich m\u00fchen sie sich ab, durch die gr\u00e4ulichsten L\u00e4sterungen, die sie \u00fcber mich verbreiten, mich meiner Ehre zu berauben, die ich aber wes der zu suchen, noch zu verteidigen gedenke. Dieselbe Ehre erweisen sie \u00fcberhaupt allen Jesuiten. Vielleicht wird es bald von Worten und Drohungen zu Schl\u00e4gen und grausamen T\u00e4tlichkeiten kommen. Gott gebe, dass wir uns umso mehr beflei\u00dfen, ihnen Beweise der Liebe zu geben, je mehr sie sich bem\u00fchen, uns allenthalben zu verschreien. Wahr ist&#8217;s, sie sind unsere Verfolger, aber sie sind auch unsere Br\u00fcder, wir m\u00fcssen sie lieben aus Liebe zu Jesus Christus, der sein Blut f\u00fcr sie vergossen hat, und weil sie vielleicht nur s\u00fcndigen, weil sie uns nicht kennen.\u00ab <\/p>\n\n\n\n<p class=\"has-text-align-center\">(<a href=\"http:\/\/ecclesiaeveritas.net\/index.php?title=Petrus_Canisius\">Petrus Canisius<\/a>)<\/p>\n<\/div><\/div>\n","protected":false},"excerpt":{"rendered":"<p>\u00bbGelobt sei der Herr, der seine Diener durch den Hass, welchen die Irrgl\u00e4ubigen in Polen, in B\u00f6hmen und in Deutschland \u00fcber sie aussch\u00fctten, verherrlichen will! Vorz\u00fcglich m\u00fchen sie sich ab, durch die gr\u00e4ulichsten L\u00e4sterungen, die sie \u00fcber mich verbreiten, mich &hellip; <a href=\"https:\/\/ecclesiae.de\/blog\/?p=9993\">Weiterlesen <span class=\"meta-nav\">&rarr;<\/span><\/a><\/p>\n","protected":false},"author":3,"featured_media":0,"comment_status":"open","ping_status":"closed","sticky":false,"template":"","format":"standard","meta":{"footnotes":""},"categories":[1],"tags":[],"class_list":["post-9993","post","type-post","status-publish","format-standard","hentry","category-uncategorized"],"_links":{"self":[{"href":"https:\/\/ecclesiae.de\/blog\/index.php?rest_route=\/wp\/v2\/posts\/9993","targetHints":{"allow":["GET"]}}],"collection":[{"href":"https:\/\/ecclesiae.de\/blog\/index.php?rest_route=\/wp\/v2\/posts"}],"about":[{"href":"https:\/\/ecclesiae.de\/blog\/index.php?rest_route=\/wp\/v2\/types\/post"}],"author":[{"embeddable":true,"href":"https:\/\/ecclesiae.de\/blog\/index.php?rest_route=\/wp\/v2\/users\/3"}],"replies":[{"embeddable":true,"href":"https:\/\/ecclesiae.de\/blog\/index.php?rest_route=%2Fwp%2Fv2%2Fcomments&post=9993"}],"version-history":[{"count":1,"href":"https:\/\/ecclesiae.de\/blog\/index.php?rest_route=\/wp\/v2\/posts\/9993\/revisions"}],"predecessor-version":[{"id":9994,"href":"https:\/\/ecclesiae.de\/blog\/index.php?rest_route=\/wp\/v2\/posts\/9993\/revisions\/9994"}],"wp:attachment":[{"href":"https:\/\/ecclesiae.de\/blog\/index.php?rest_route=%2Fwp%2Fv2%2Fmedia&parent=9993"}],"wp:term":[{"taxonomy":"category","embeddable":true,"href":"https:\/\/ecclesiae.de\/blog\/index.php?rest_route=%2Fwp%2Fv2%2Fcategories&post=9993"},{"taxonomy":"post_tag","embeddable":true,"href":"https:\/\/ecclesiae.de\/blog\/index.php?rest_route=%2Fwp%2Fv2%2Ftags&post=9993"}],"curies":[{"name":"wp","href":"https:\/\/api.w.org\/{rel}","templated":true}]}}