{"id":9995,"date":"2026-04-28T00:01:00","date_gmt":"2026-04-27T22:01:00","guid":{"rendered":"http:\/\/ecclesiae.de\/blog\/?p=9995"},"modified":"2026-03-02T14:10:44","modified_gmt":"2026-03-02T13:10:44","slug":"28-april","status":"publish","type":"post","link":"https:\/\/ecclesiae.de\/blog\/?p=9995","title":{"rendered":"28. April"},"content":{"rendered":"\n<div class=\"wp-block-media-text alignwide is-stacked-on-mobile\"><figure class=\"wp-block-media-text__media\"><img loading=\"lazy\" decoding=\"async\" width=\"575\" height=\"1024\" src=\"https:\/\/ecclesiae.de\/blog\/wp-content\/uploads\/2018\/06\/IMG_20180518_063031-575x1024.jpg\" alt=\"\" class=\"wp-image-6385 size-full\" srcset=\"https:\/\/ecclesiae.de\/blog\/wp-content\/uploads\/2018\/06\/IMG_20180518_063031-575x1024.jpg 575w, https:\/\/ecclesiae.de\/blog\/wp-content\/uploads\/2018\/06\/IMG_20180518_063031-168x300.jpg 168w, https:\/\/ecclesiae.de\/blog\/wp-content\/uploads\/2018\/06\/IMG_20180518_063031-768x1368.jpg 768w\" sizes=\"auto, (max-width: 575px) 100vw, 575px\" \/><\/figure><div class=\"wp-block-media-text__content\">\n<p class=\"has-text-align-center\" style=\"font-size:16px\">Im Jahr 1700 wurde <a href=\"http:\/\/ecclesiaeveritas.net\/index.php?title=Ludwig-Maria_Grignion_de_Montfort\">Ludwig-Maria Grignion de Montfort<\/a> zum Priester geweiht und machte eine Reise nach Nantes. Nach seiner R\u00fcckkehr begab er sich nach Poitiers. Als er im dortigen Spitale die Messe las, erbauten sich die Armen so sehr an seiner Fr\u00f6mmigkeit und Sammlung, dass sie um ihn als Spitalpriester einkamen und Gew\u00e4hrung erhielten. Anfangs erfuhr er viel Bitteres in dieser Stelle, bis man ihn zuletzt hochsch\u00e4tzte und ihm Gerechtigkeit widerfahren lie\u00df. In dieser Stadt unternahm er es, die\u00a0\u00bbSchwestern der Klugheit\u00ab, eine religi\u00f6se Genossenschaft, zu stiften, bestimmt zur Sorge f\u00fcr die Kranken in den Krankenspit\u00e4lern. Nachher widmete er sich den Missionen, ein Werk, zu dem er immer eine ganz besondere Neigung gehabt hatte.<\/p>\n<\/div><\/div>\n","protected":false},"excerpt":{"rendered":"<p>Im Jahr 1700 wurde Ludwig-Maria Grignion de Montfort zum Priester geweiht und machte eine Reise nach Nantes. Nach seiner R\u00fcckkehr begab er sich nach Poitiers. Als er im dortigen Spitale die Messe las, erbauten sich die Armen so sehr an &hellip; <a href=\"https:\/\/ecclesiae.de\/blog\/?p=9995\">Weiterlesen <span class=\"meta-nav\">&rarr;<\/span><\/a><\/p>\n","protected":false},"author":3,"featured_media":0,"comment_status":"open","ping_status":"closed","sticky":false,"template":"","format":"standard","meta":{"footnotes":""},"categories":[1],"tags":[],"class_list":["post-9995","post","type-post","status-publish","format-standard","hentry","category-uncategorized"],"_links":{"self":[{"href":"https:\/\/ecclesiae.de\/blog\/index.php?rest_route=\/wp\/v2\/posts\/9995","targetHints":{"allow":["GET"]}}],"collection":[{"href":"https:\/\/ecclesiae.de\/blog\/index.php?rest_route=\/wp\/v2\/posts"}],"about":[{"href":"https:\/\/ecclesiae.de\/blog\/index.php?rest_route=\/wp\/v2\/types\/post"}],"author":[{"embeddable":true,"href":"https:\/\/ecclesiae.de\/blog\/index.php?rest_route=\/wp\/v2\/users\/3"}],"replies":[{"embeddable":true,"href":"https:\/\/ecclesiae.de\/blog\/index.php?rest_route=%2Fwp%2Fv2%2Fcomments&post=9995"}],"version-history":[{"count":1,"href":"https:\/\/ecclesiae.de\/blog\/index.php?rest_route=\/wp\/v2\/posts\/9995\/revisions"}],"predecessor-version":[{"id":9996,"href":"https:\/\/ecclesiae.de\/blog\/index.php?rest_route=\/wp\/v2\/posts\/9995\/revisions\/9996"}],"wp:attachment":[{"href":"https:\/\/ecclesiae.de\/blog\/index.php?rest_route=%2Fwp%2Fv2%2Fmedia&parent=9995"}],"wp:term":[{"taxonomy":"category","embeddable":true,"href":"https:\/\/ecclesiae.de\/blog\/index.php?rest_route=%2Fwp%2Fv2%2Fcategories&post=9995"},{"taxonomy":"post_tag","embeddable":true,"href":"https:\/\/ecclesiae.de\/blog\/index.php?rest_route=%2Fwp%2Fv2%2Ftags&post=9995"}],"curies":[{"name":"wp","href":"https:\/\/api.w.org\/{rel}","templated":true}]}}